{"id":1012,"date":"2024-02-22T10:06:06","date_gmt":"2024-02-22T10:06:06","guid":{"rendered":"https:\/\/www.collegejeanlurcat.com\/site\/?p=1012"},"modified":"2024-02-23T10:51:15","modified_gmt":"2024-02-23T10:51:15","slug":"la-journee-filles-maths-et-informatique-une-equation-lumineuse","status":"publish","type":"post","link":"https:\/\/www.collegejeanlurcat.com\/site\/2024\/02\/22\/la-journee-filles-maths-et-informatique-une-equation-lumineuse\/","title":{"rendered":"La journ\u00e9e filles, maths et informatique: une \u00e9quation lumineuse"},"content":{"rendered":"\n<p>Mme Travard et Mme Bargas ont organis\u00e9 une sortie p\u00e9dagogique exceptionnelle, destin\u00e9e aux filles de troisi\u00e8mes. En effet, les associations <a href=\"https:\/\/www.animath.fr\/\" target=\"_blank\" rel=\"noreferrer noopener\">Animath <\/a>et <a href=\"https:\/\/femmes-et-maths.fr\/\" data-type=\"link\" data-id=\"https:\/\/femmes-et-maths.fr\/\" target=\"_blank\" rel=\"noreferrer noopener\">femmes &amp; math\u00e9matiques<\/a> ont mont\u00e9 le projet, intitul\u00e9 filles, maths et informatique: une \u00e9quation lumineuse, pour encourager les jeunes filles \u00e0 suivre un cursus scientifique, en particulier en math\u00e9matiques et en informatique. Dans ce cadre, des activit\u00e9s et visites sont organis\u00e9es toute l&rsquo;ann\u00e9e et dans toute la France, destin\u00e9es aux filles uniquement, \u00e0 partir de la troisi\u00e8me.<\/p>\n\n\n\n<p>N\u00e9anmoins, le nombre de place est limit\u00e9, c&rsquo;est pourquoi seules vingt \u00e9l\u00e8ves ont pu participer \u00e0 cette journ\u00e9e, qui s&rsquo;est d\u00e9roul\u00e9e le 25 janvier. Ces jeunes filles, encadr\u00e9es par Mme Bargas et Mme Boileau, ont \u00e9t\u00e9 accueillies \u00e0 l&rsquo;<a href=\"https:\/\/www.ihp.fr\/fr\" target=\"_blank\" rel=\"noreferrer noopener\">Institut Henri Poincar\u00e9<\/a> pour les activit\u00e9s, ainsi qu&rsquo;\u00e0 l&rsquo;\u00e9cole normale sup\u00e9rieure rue d&rsquo;Ulm pour le d\u00e9jeuner. Nous avons profit\u00e9 de cette journ\u00e9e pour d\u00e9couvrir le quartier latin de Paris, lieu historique des universit\u00e9s parisiennes. Nous en profitons pour signaler l\u2019existence du Mus\u00e9e\u2013Maison Poincar\u00e9, mus\u00e9e inaugur\u00e9 le 30 septembre 2023 et consacr\u00e9 aux math\u00e9matiques du quotidien.<\/p>\n\n\n\n<p>Nos \u00e9l\u00e8ves vont cette journ\u00e9e dans les articles suivants. Par groupe, elles vont d\u00e9crire une partie des activit\u00e9s de la journ\u00e9e, ainsi que le fruit de leurs recherches sur la visite culturelle du quartier.<\/p>\n\n\n\n<p><a href=\"https:\/\/www.collegejeanlurcat.com\/site\/2024\/02\/22\/linstitut-henri-poincare\/\" target=\"_blank\" rel=\"noreferrer noopener\">L&rsquo;Institut Henri Poincar\u00e9 et le d\u00e9roul\u00e9 de la journ\u00e9e<\/a><\/p>\n\n\n\n<p><a href=\"https:\/\/www.collegejeanlurcat.com\/site\/2024\/02\/22\/les-arenes-de-lutece\/\" target=\"_blank\" rel=\"noreferrer noopener\">Les ar\u00e8nes de Lut\u00e8ce et le th\u00e9\u00e2tre forum<\/a><\/p>\n\n\n\n<p><a href=\"https:\/\/www.collegejeanlurcat.com\/site\/2024\/02\/22\/la-montagne-sainte-genevieve\/\" target=\"_blank\" rel=\"noreferrer noopener\">La montagne Sainte-Genevi\u00e8ve<\/a><\/p>\n\n\n\n<p><\/p>\n\n\n\n<p><\/p>\n\n\n\n<p><\/p>\n","protected":false},"excerpt":{"rendered":"<p>Mme Travard et Mme Bargas ont organis\u00e9 une sortie p\u00e9dagogique exceptionnelle, destin\u00e9e aux filles de troisi\u00e8mes. En effet, les associations Animath et femmes &amp; math\u00e9matiques ont mont\u00e9 le projet, intitul\u00e9 filles, maths et informatique: une \u00e9quation lumineuse, pour encourager les jeunes filles \u00e0 suivre un cursus scientifique, en particulier en math\u00e9matiques et en informatique. Dans [&hellip;]<\/p>\n","protected":false},"author":1,"featured_media":0,"comment_status":"open","ping_status":"open","sticky":false,"template":"","format":"standard","meta":{"footnotes":""},"categories":[12,10],"tags":[57,80],"class_list":["post-1012","post","type-post","status-publish","format-standard","hentry","category-parcours-avenir","category-parcours-culturel","tag-orientation","tag-peac"],"_links":{"self":[{"href":"https:\/\/www.collegejeanlurcat.com\/site\/wp-json\/wp\/v2\/posts\/1012","targetHints":{"allow":["GET"]}}],"collection":[{"href":"https:\/\/www.collegejeanlurcat.com\/site\/wp-json\/wp\/v2\/posts"}],"about":[{"href":"https:\/\/www.collegejeanlurcat.com\/site\/wp-json\/wp\/v2\/types\/post"}],"author":[{"embeddable":true,"href":"https:\/\/www.collegejeanlurcat.com\/site\/wp-json\/wp\/v2\/users\/1"}],"replies":[{"embeddable":true,"href":"https:\/\/www.collegejeanlurcat.com\/site\/wp-json\/wp\/v2\/comments?post=1012"}],"version-history":[{"count":5,"href":"https:\/\/www.collegejeanlurcat.com\/site\/wp-json\/wp\/v2\/posts\/1012\/revisions"}],"predecessor-version":[{"id":1042,"href":"https:\/\/www.collegejeanlurcat.com\/site\/wp-json\/wp\/v2\/posts\/1012\/revisions\/1042"}],"wp:attachment":[{"href":"https:\/\/www.collegejeanlurcat.com\/site\/wp-json\/wp\/v2\/media?parent=1012"}],"wp:term":[{"taxonomy":"category","embeddable":true,"href":"https:\/\/www.collegejeanlurcat.com\/site\/wp-json\/wp\/v2\/categories?post=1012"},{"taxonomy":"post_tag","embeddable":true,"href":"https:\/\/www.collegejeanlurcat.com\/site\/wp-json\/wp\/v2\/tags?post=1012"}],"curies":[{"name":"wp","href":"https:\/\/api.w.org\/{rel}","templated":true}]}}