{"id":1054,"date":"2024-03-04T10:44:54","date_gmt":"2024-03-04T10:44:54","guid":{"rendered":"https:\/\/www.collegejeanlurcat.com\/site\/?p=1054"},"modified":"2024-03-04T10:44:54","modified_gmt":"2024-03-04T10:44:54","slug":"journee-internationale-des-droits-des-femmes","status":"publish","type":"post","link":"https:\/\/www.collegejeanlurcat.com\/site\/2024\/03\/04\/journee-internationale-des-droits-des-femmes\/","title":{"rendered":"Journ\u00e9e internationale des droits des femmes"},"content":{"rendered":"\n<p>Officielle depuis 1977, instaur\u00e9e par l&rsquo;organisation des Nations Unies, cette journ\u00e9e est l&rsquo;occasion, chaque ann\u00e9e, de sensibiliser aux in\u00e9galit\u00e9s de genre. Cette ann\u00e9e en particulier le th\u00e8me est: <strong>\u00ab\u00a0Investir en faveur des femmes : acc\u00e9l\u00e9rer le rythme\u00a0\u00bb<\/strong>.<\/p>\n\n\n\n<p>A cette occasion des manifestation, rassemblement, activit\u00e9s, &#8230; sont organis\u00e9e partout dans le monde.<\/p>\n\n\n\n<p>Si vous d\u00e9sirez savoir plus sp\u00e9cifiquement ce qu&rsquo;on c\u00e9l\u00e8bre, quelle en est l&rsquo;origine ou depuis quand la France l&rsquo;organise, suivez ce lien: <a href=\"https:\/\/www.vie-publique.fr\/questions-reponses\/273605-droits-des-femmes-cinq-questions-sur-la-journee-du-8-mars\" target=\"_blank\" rel=\"noreferrer noopener\">https:\/\/www.vie-publique.fr\/questions-reponses\/273605-droits-des-femmes-cinq-questions-sur-la-journee-du-8-mars<\/a><\/p>\n\n\n\n<figure class=\"wp-block-embed is-type-wp-embed is-provider-oxfam-france wp-block-embed-oxfam-france\"><div class=\"wp-block-embed__wrapper\">\n<blockquote class=\"wp-embedded-content\" data-secret=\"4o2U2jSixo\"><a href=\"https:\/\/www.oxfamfrance.org\/actualite\/testez-vos-connaissances-sur-les-droits-des-femmes\/\">8 mars : testez vos connaissances sur les droits des femmes<\/a><\/blockquote><iframe loading=\"lazy\" class=\"wp-embedded-content\" sandbox=\"allow-scripts\" security=\"restricted\" style=\"position: absolute; clip: rect(1px, 1px, 1px, 1px);\" title=\"\u00ab\u00a08 mars : testez vos connaissances sur les droits des femmes\u00a0\u00bb &#8212; Oxfam France\" src=\"https:\/\/www.oxfamfrance.org\/actualite\/testez-vos-connaissances-sur-les-droits-des-femmes\/embed\/#?secret=DSbtYb0MrB#?secret=4o2U2jSixo\" data-secret=\"4o2U2jSixo\" width=\"600\" height=\"338\" frameborder=\"0\" marginwidth=\"0\" marginheight=\"0\" scrolling=\"no\"><\/iframe>\n<\/div><\/figure>\n\n\n\n<p>Voici une pr\u00e9sentation propos\u00e9e par une radio canadienne:<\/p>\n\n\n\n<figure class=\"wp-block-embed is-type-video is-provider-youtube wp-block-embed-youtube wp-embed-aspect-16-9 wp-has-aspect-ratio\"><div class=\"wp-block-embed__wrapper\">\n<div class=\"zak-oembed-container\"><iframe loading=\"lazy\" title=\"D&#039;o\u00f9 vient la Journ\u00e9e internationale des droits des femmes? | MAJ\" width=\"812\" height=\"457\" src=\"https:\/\/www.youtube.com\/embed\/EqdQPOQ4EX8?feature=oembed\" frameborder=\"0\" allow=\"accelerometer; autoplay; clipboard-write; encrypted-media; gyroscope; picture-in-picture; web-share\" allowfullscreen><\/iframe><\/div>\n<\/div><\/figure>\n","protected":false},"excerpt":{"rendered":"<p>Officielle depuis 1977, instaur\u00e9e par l&rsquo;organisation des Nations Unies, cette journ\u00e9e est l&rsquo;occasion, chaque ann\u00e9e, de sensibiliser aux in\u00e9galit\u00e9s de genre. Cette ann\u00e9e en particulier le th\u00e8me est: \u00ab\u00a0Investir en faveur des femmes : acc\u00e9l\u00e9rer le rythme\u00a0\u00bb. A cette occasion des manifestation, rassemblement, activit\u00e9s, &#8230; sont organis\u00e9e partout dans le monde. Si vous d\u00e9sirez savoir [&hellip;]<\/p>\n","protected":false},"author":1,"featured_media":0,"comment_status":"open","ping_status":"open","sticky":false,"template":"","format":"standard","meta":{"footnotes":""},"categories":[11,54],"tags":[105,86,106],"class_list":["post-1054","post","type-post","status-publish","format-standard","hentry","category-parcours-citoyen","category-vie-de-letablissement","tag-discrimination","tag-egalite","tag-genre"],"_links":{"self":[{"href":"https:\/\/www.collegejeanlurcat.com\/site\/wp-json\/wp\/v2\/posts\/1054","targetHints":{"allow":["GET"]}}],"collection":[{"href":"https:\/\/www.collegejeanlurcat.com\/site\/wp-json\/wp\/v2\/posts"}],"about":[{"href":"https:\/\/www.collegejeanlurcat.com\/site\/wp-json\/wp\/v2\/types\/post"}],"author":[{"embeddable":true,"href":"https:\/\/www.collegejeanlurcat.com\/site\/wp-json\/wp\/v2\/users\/1"}],"replies":[{"embeddable":true,"href":"https:\/\/www.collegejeanlurcat.com\/site\/wp-json\/wp\/v2\/comments?post=1054"}],"version-history":[{"count":1,"href":"https:\/\/www.collegejeanlurcat.com\/site\/wp-json\/wp\/v2\/posts\/1054\/revisions"}],"predecessor-version":[{"id":1055,"href":"https:\/\/www.collegejeanlurcat.com\/site\/wp-json\/wp\/v2\/posts\/1054\/revisions\/1055"}],"wp:attachment":[{"href":"https:\/\/www.collegejeanlurcat.com\/site\/wp-json\/wp\/v2\/media?parent=1054"}],"wp:term":[{"taxonomy":"category","embeddable":true,"href":"https:\/\/www.collegejeanlurcat.com\/site\/wp-json\/wp\/v2\/categories?post=1054"},{"taxonomy":"post_tag","embeddable":true,"href":"https:\/\/www.collegejeanlurcat.com\/site\/wp-json\/wp\/v2\/tags?post=1054"}],"curies":[{"name":"wp","href":"https:\/\/api.w.org\/{rel}","templated":true}]}}