{"id":1058,"date":"2024-03-18T08:40:51","date_gmt":"2024-03-18T08:40:51","guid":{"rendered":"https:\/\/www.collegejeanlurcat.com\/site\/?p=1058"},"modified":"2024-03-18T15:04:58","modified_gmt":"2024-03-18T15:04:58","slug":"semaine-des-mathematiques-2024","status":"publish","type":"post","link":"https:\/\/www.collegejeanlurcat.com\/site\/2024\/03\/18\/semaine-des-mathematiques-2024\/","title":{"rendered":"Semaine des math\u00e9matiques 2024"},"content":{"rendered":"\n<h5 class=\"wp-block-heading\">Du 13 au 20 mars, c&rsquo;est la semaine des math\u00e9matiques!<\/h5>\n\n\n\n<p>Le th\u00e8me, cette ann\u00e9e: l&rsquo;important, c&rsquo;est de participer.<\/p>\n\n\n\n<p>C&rsquo;est l&rsquo;occasion pour tout le monde, \u00e9l\u00e8ves, enseignants, personnels, de s&rsquo;interroger sur notre rapport avec cette discipline d\u00e9cri\u00e9e, adul\u00e9e, d\u00e9test\u00e9e, ador\u00e9e, &#8230; bref, qui ne laisse pas indiff\u00e9rent!<\/p>\n\n\n\n<p>Nos \u00e9l\u00e8ves, lors de leurs passages au CDI, se sont frott\u00e9s \u00e0 l&rsquo;exercice, et ont r\u00e9fl\u00e9chi \u00e0 la question que nous leur avons pos\u00e9e: \u00e0 quoi servent les maths?<\/p>\n\n\n\n<p>R\u00e9ponse en image:<\/p>\n\n\n\n<figure class=\"wp-block-image size-large\"><img loading=\"lazy\" decoding=\"async\" width=\"975\" height=\"1024\" src=\"https:\/\/www.collegejeanlurcat.com\/site\/wp-content\/uploads\/2024\/03\/IMG_20240315_1655562-975x1024.jpg\" alt=\"\" class=\"wp-image-1059\" srcset=\"https:\/\/www.collegejeanlurcat.com\/site\/wp-content\/uploads\/2024\/03\/IMG_20240315_1655562-975x1024.jpg 975w, https:\/\/www.collegejeanlurcat.com\/site\/wp-content\/uploads\/2024\/03\/IMG_20240315_1655562-286x300.jpg 286w, https:\/\/www.collegejeanlurcat.com\/site\/wp-content\/uploads\/2024\/03\/IMG_20240315_1655562-768x807.jpg 768w, https:\/\/www.collegejeanlurcat.com\/site\/wp-content\/uploads\/2024\/03\/IMG_20240315_1655562-1462x1536.jpg 1462w, https:\/\/www.collegejeanlurcat.com\/site\/wp-content\/uploads\/2024\/03\/IMG_20240315_1655562-1950x2048.jpg 1950w\" sizes=\"auto, (max-width: 975px) 100vw, 975px\" \/><figcaption class=\"wp-element-caption\">R\u00e9flexions et expressions libres d&rsquo;\u00e9l\u00e8ves au CDI<\/figcaption><\/figure>\n\n\n\n<p>Si on peut retrouver l&rsquo;in\u00e9vitable enjeu des maths pour l&rsquo;orientation scolaire, vieil h\u00e9ritage d&rsquo;un \u00e9litisme qu&rsquo;on aimerait d\u00e9pass\u00e9, on voit surtout que nos \u00e9l\u00e8ves ont des id\u00e9es beaucoup plus vari\u00e9es sur l&rsquo;int\u00e9r\u00eat des maths, qui n&rsquo;est pas seulement utilitaire. <\/p>\n\n\n\n<p>Pour aller plus loin, le CDI a propos\u00e9 la semaine derni\u00e8re une s\u00e9lection de documents pour jouer avec les maths.<\/p>\n\n\n\n<figure class=\"wp-block-image size-large\"><img loading=\"lazy\" decoding=\"async\" width=\"808\" height=\"1024\" src=\"https:\/\/www.collegejeanlurcat.com\/site\/wp-content\/uploads\/2024\/03\/IMG_20240315_1657002-808x1024.jpg\" alt=\"\" class=\"wp-image-1060\" srcset=\"https:\/\/www.collegejeanlurcat.com\/site\/wp-content\/uploads\/2024\/03\/IMG_20240315_1657002-808x1024.jpg 808w, https:\/\/www.collegejeanlurcat.com\/site\/wp-content\/uploads\/2024\/03\/IMG_20240315_1657002-237x300.jpg 237w, https:\/\/www.collegejeanlurcat.com\/site\/wp-content\/uploads\/2024\/03\/IMG_20240315_1657002-768x973.jpg 768w, https:\/\/www.collegejeanlurcat.com\/site\/wp-content\/uploads\/2024\/03\/IMG_20240315_1657002-1212x1536.jpg 1212w, https:\/\/www.collegejeanlurcat.com\/site\/wp-content\/uploads\/2024\/03\/IMG_20240315_1657002-1617x2048.jpg 1617w, https:\/\/www.collegejeanlurcat.com\/site\/wp-content\/uploads\/2024\/03\/IMG_20240315_1657002-scaled.jpg 2021w\" sizes=\"auto, (max-width: 808px) 100vw, 808px\" \/><figcaption class=\"wp-element-caption\">S\u00e9lection de documents au sujet des math\u00e9matiques au CDI<\/figcaption><\/figure>\n\n\n\n<p>Vous pouvez poursuivre sur le th\u00e8me de la semaine des math\u00e9matiques allez vous divertir sur le site de <a href=\"https:\/\/castor-informatique.fr\/\" target=\"_blank\" rel=\"noreferrer noopener\">castor informatique<\/a>, <a href=\"https:\/\/www.mathador.fr\/\" target=\"_blank\" rel=\"noreferrer noopener\">mathador<\/a>, <a href=\"https:\/\/www.lumni.fr\/tous-les-jeux?matiere=mathematiques\" target=\"_blank\" rel=\"noreferrer noopener\">lumni<\/a>. Pour les enseignants, des ressources sur l&rsquo;<a href=\"https:\/\/www.apmep.fr\/Des-jeux-mathematiques-pour-la-classe\">apmep<\/a>, ou <a href=\"https:\/\/www.education.gouv.fr\/la-semaine-des-mathematiques-7241\" target=\"_blank\" rel=\"noreferrer noopener\">eduscol<\/a>.<\/p>\n\n\n\n<p>Et bient\u00f4t l&rsquo;ouverture d&rsquo;un<a href=\"https:\/\/eduscol.education.fr\/1472\/clubs-de-mathematiques?menu_id=1757\" target=\"_blank\" rel=\"noreferrer noopener\"> club maths<\/a> au coll\u00e8ge&#8230; <\/p>\n","protected":false},"excerpt":{"rendered":"<p>Du 13 au 20 mars, c&rsquo;est la semaine des math\u00e9matiques! Le th\u00e8me, cette ann\u00e9e: l&rsquo;important, c&rsquo;est de participer. C&rsquo;est l&rsquo;occasion pour tout le monde, \u00e9l\u00e8ves, enseignants, personnels, de s&rsquo;interroger sur notre rapport avec cette discipline d\u00e9cri\u00e9e, adul\u00e9e, d\u00e9test\u00e9e, ador\u00e9e, &#8230; bref, qui ne laisse pas indiff\u00e9rent! Nos \u00e9l\u00e8ves, lors de leurs passages au CDI, se [&hellip;]<\/p>\n","protected":false},"author":1,"featured_media":0,"comment_status":"open","ping_status":"open","sticky":false,"template":"","format":"standard","meta":{"footnotes":""},"categories":[28,10,54],"tags":[93,107],"class_list":["post-1058","post","type-post","status-publish","format-standard","hentry","category-mathematiques","category-parcours-culturel","category-vie-de-letablissement","tag-exposition","tag-semaine-des-maths"],"_links":{"self":[{"href":"https:\/\/www.collegejeanlurcat.com\/site\/wp-json\/wp\/v2\/posts\/1058","targetHints":{"allow":["GET"]}}],"collection":[{"href":"https:\/\/www.collegejeanlurcat.com\/site\/wp-json\/wp\/v2\/posts"}],"about":[{"href":"https:\/\/www.collegejeanlurcat.com\/site\/wp-json\/wp\/v2\/types\/post"}],"author":[{"embeddable":true,"href":"https:\/\/www.collegejeanlurcat.com\/site\/wp-json\/wp\/v2\/users\/1"}],"replies":[{"embeddable":true,"href":"https:\/\/www.collegejeanlurcat.com\/site\/wp-json\/wp\/v2\/comments?post=1058"}],"version-history":[{"count":7,"href":"https:\/\/www.collegejeanlurcat.com\/site\/wp-json\/wp\/v2\/posts\/1058\/revisions"}],"predecessor-version":[{"id":1067,"href":"https:\/\/www.collegejeanlurcat.com\/site\/wp-json\/wp\/v2\/posts\/1058\/revisions\/1067"}],"wp:attachment":[{"href":"https:\/\/www.collegejeanlurcat.com\/site\/wp-json\/wp\/v2\/media?parent=1058"}],"wp:term":[{"taxonomy":"category","embeddable":true,"href":"https:\/\/www.collegejeanlurcat.com\/site\/wp-json\/wp\/v2\/categories?post=1058"},{"taxonomy":"post_tag","embeddable":true,"href":"https:\/\/www.collegejeanlurcat.com\/site\/wp-json\/wp\/v2\/tags?post=1058"}],"curies":[{"name":"wp","href":"https:\/\/api.w.org\/{rel}","templated":true}]}}