{"id":1089,"date":"2024-05-06T06:38:33","date_gmt":"2024-05-06T06:38:33","guid":{"rendered":"https:\/\/www.collegejeanlurcat.com\/site\/?p=1089"},"modified":"2024-05-06T06:38:34","modified_gmt":"2024-05-06T06:38:34","slug":"wardi","status":"publish","type":"post","link":"https:\/\/www.collegejeanlurcat.com\/site\/2024\/05\/06\/wardi\/","title":{"rendered":"Wardi"},"content":{"rendered":"\n<h3 class=\"wp-block-heading\">Coll\u00e8ge au cin\u00e9ma<\/h3>\n\n\n\n<p>Dans le cadre du dispositif \u00ab\u00a0coll\u00e8ge au cin\u00e9ma\u00a0\u00bb, les \u00e9l\u00e8ves des classes de 6D et 3B vont d\u00e9couvrir lundi 6 mai le film <em><a href=\"https:\/\/jour2fete.com\/film\/wardi\/\" target=\"_blank\" rel=\"noreferrer noopener\">Wardi<\/a><\/em>, de Mats Grorud. <\/p>\n\n\n\n<figure class=\"wp-block-image size-large\"><img decoding=\"async\" src=\"https:\/\/jour2fete.com\/wp-content\/uploads\/2021\/06\/WARDI_MAT_WEB9-scaled.jpg\" alt=\"\"\/><\/figure>\n\n\n\n<p>En amont de cette projection, ils ont \u00e9tudi\u00e9 en classe le contexte de ce film o\u00f9 une petite fille vivant dans un camp de r\u00e9fugi\u00e9s au Liban d\u00e9couvre l&rsquo;histoire de sa famille. <\/p>\n\n\n\n<figure class=\"wp-block-embed is-type-video is-provider-youtube wp-block-embed-youtube wp-embed-aspect-16-9 wp-has-aspect-ratio\"><div class=\"wp-block-embed__wrapper\">\n<div class=\"zak-oembed-container\"><iframe loading=\"lazy\" title=\"Isra\u00ebl - Hamas : 3 minutes pour comprendre\" width=\"812\" height=\"457\" src=\"https:\/\/www.youtube.com\/embed\/ywl5Qlbl1dE?feature=oembed\" frameborder=\"0\" allow=\"accelerometer; autoplay; clipboard-write; encrypted-media; gyroscope; picture-in-picture; web-share\" referrerpolicy=\"strict-origin-when-cross-origin\" allowfullscreen><\/iframe><\/div>\n<\/div><figcaption class=\"wp-element-caption\">Pr\u00e9sentation du conflit entre Isra\u00ebl et la Palestine, en 3 min, par la chaine <em>C quoi l&rsquo;info<\/em> (Franceinfo, 9 octobre 2023)<\/figcaption><\/figure>\n\n\n\n<figure class=\"wp-block-embed is-type-video is-provider-dailymotion wp-block-embed-dailymotion wp-embed-aspect-9-16 wp-has-aspect-ratio\"><div class=\"wp-block-embed__wrapper\">\n<div class=\"zak-oembed-container\"><iframe loading=\"lazy\" title=\"Guerre Isra\u00ebl-Hamas\u00a0: comment en est-on arriv\u00e9-l\u00e0\u00a0? Comprendre en trois minutes\" frameborder=\"0\" width=\"562\" height=\"1000\" src=\"https:\/\/geo.dailymotion.com\/player.html?video=x8oprea&#038;\" allowfullscreen allow=\"autoplay; fullscreen; picture-in-picture; web-share\"><\/iframe><\/div>\n<\/div><figcaption class=\"wp-element-caption\">Pr\u00e9sentation de l&rsquo;origine de ce conflit sur le site du journal<em> Le Monde<\/em> du 11 octobre 2023<\/figcaption><\/figure>\n","protected":false},"excerpt":{"rendered":"<p>Coll\u00e8ge au cin\u00e9ma Dans le cadre du dispositif \u00ab\u00a0coll\u00e8ge au cin\u00e9ma\u00a0\u00bb, les \u00e9l\u00e8ves des classes de 6D et 3B vont d\u00e9couvrir lundi 6 mai le film Wardi, de Mats Grorud. En amont de cette projection, ils ont \u00e9tudi\u00e9 en classe le contexte de ce film o\u00f9 une petite fille vivant dans un camp de r\u00e9fugi\u00e9s [&hellip;]<\/p>\n","protected":false},"author":1,"featured_media":0,"comment_status":"open","ping_status":"open","sticky":false,"template":"","format":"standard","meta":{"footnotes":""},"categories":[30,10,54],"tags":[92],"class_list":["post-1089","post","type-post","status-publish","format-standard","hentry","category-histoire-geo-emc","category-parcours-culturel","category-vie-de-letablissement","tag-college-au-cinema"],"_links":{"self":[{"href":"https:\/\/www.collegejeanlurcat.com\/site\/wp-json\/wp\/v2\/posts\/1089","targetHints":{"allow":["GET"]}}],"collection":[{"href":"https:\/\/www.collegejeanlurcat.com\/site\/wp-json\/wp\/v2\/posts"}],"about":[{"href":"https:\/\/www.collegejeanlurcat.com\/site\/wp-json\/wp\/v2\/types\/post"}],"author":[{"embeddable":true,"href":"https:\/\/www.collegejeanlurcat.com\/site\/wp-json\/wp\/v2\/users\/1"}],"replies":[{"embeddable":true,"href":"https:\/\/www.collegejeanlurcat.com\/site\/wp-json\/wp\/v2\/comments?post=1089"}],"version-history":[{"count":1,"href":"https:\/\/www.collegejeanlurcat.com\/site\/wp-json\/wp\/v2\/posts\/1089\/revisions"}],"predecessor-version":[{"id":1090,"href":"https:\/\/www.collegejeanlurcat.com\/site\/wp-json\/wp\/v2\/posts\/1089\/revisions\/1090"}],"wp:attachment":[{"href":"https:\/\/www.collegejeanlurcat.com\/site\/wp-json\/wp\/v2\/media?parent=1089"}],"wp:term":[{"taxonomy":"category","embeddable":true,"href":"https:\/\/www.collegejeanlurcat.com\/site\/wp-json\/wp\/v2\/categories?post=1089"},{"taxonomy":"post_tag","embeddable":true,"href":"https:\/\/www.collegejeanlurcat.com\/site\/wp-json\/wp\/v2\/tags?post=1089"}],"curies":[{"name":"wp","href":"https:\/\/api.w.org\/{rel}","templated":true}]}}