{"id":1217,"date":"2024-06-10T16:19:52","date_gmt":"2024-06-10T16:19:52","guid":{"rendered":"https:\/\/www.collegejeanlurcat.com\/site\/?p=1217"},"modified":"2024-06-10T16:19:52","modified_gmt":"2024-06-10T16:19:52","slug":"projet-handisport","status":"publish","type":"post","link":"https:\/\/www.collegejeanlurcat.com\/site\/2024\/06\/10\/projet-handisport\/","title":{"rendered":"Projet Handisport"},"content":{"rendered":"\n<p>\u00c0 l\u2019initiative du Goethe-Institut ouvrant un concours sur le handicap dans le cadre des jeux olympiques 2024 au 1<sup>er<\/sup> trimestre 2023, j\u2019ai propos\u00e9 \u00e0 deux classes de 4\u00e8me C et 3\u00e8me C d\u2019y participer avec le concours de leurs professeurs de sport, Romain Anica et Lo\u00efc Voelkel\u00a0. Nous avons mis en place une journ\u00e9e enti\u00e8re de pratique de handisport pour les \u00e9l\u00e8ves que V\u00e9ronique Jacquet la pr\u00e9sidente de l\u2019\u2019association handi-valide \u00ab\u00a0les tourterelles\u00a0\u00bb de Villejuif, a anim\u00e9 avec beaucoup d\u2019engagement le 18 octobre 2023\u00a0: y ont \u00e9t\u00e9 pratiqu\u00e9s le c\u00e9cifoot, la boccia, l\u2019 escrime, le tir \u00e0 l\u2019arc et le volley assis par tous les \u00e9l\u00e8ves des 2 classes germanistes et non-germanistes. Dans un 2\u00e8me temps le 8 novembre, les germanistes ont interview\u00e9 2 acteurs du monde local du handisport Mme Jacquet et Mr Mbog professeur de judo, et certains de leurs camarades.<\/p>\n\n\n\n<p>L\u2019id\u00e9e du projet \u00e9tait de sensibiliser les \u00e9l\u00e8ves au handicap, de ressentir la pratique du sport avec ses contraintes physiques et de r\u00e8gles et de r\u00e9fl\u00e9chir \u00e0 la notion d\u2019inclusion des personens en situation de handicap dans le sport et la soci\u00e9t\u00e9.<\/p>\n\n\n\n<p>Des vid\u00e9os ont \u00e9t\u00e9 envoy\u00e9es au concours dont celle figurant ci-joint sur le site\u00a0.<\/p>\n\n\n\n<p><strong>Viel Spass beim anschauen&nbsp;!<\/strong><\/p>\n\n\n\n<p>H, LAYANI<\/p>\n\n\n\n<figure class=\"wp-block-video\"><video height=\"1080\" style=\"aspect-ratio: 1920 \/ 1080;\" width=\"1920\" controls src=\"https:\/\/www.collegejeanlurcat.com\/site\/wp-content\/uploads\/2023\/12\/Handisport-3C-3.mp4\"><\/video><\/figure>\n\n\n\n<p><em>Voici des t\u00e9moignages d&rsquo;\u00e9l\u00e8ves de 3C sur ce projet<\/em><\/p>\n\n\n\n<div class=\"wp-block-columns is-layout-flex wp-container-core-columns-is-layout-28f84493 wp-block-columns-is-layout-flex\">\n<div class=\"wp-block-column is-layout-flow wp-block-column-is-layout-flow\" style=\"flex-basis:50%\">\n<p>Meine Meinung<\/p>\n\n\n\n<p>Mir haben die zwei Projecttage sehr gefallen, weil ich viel \u00fcber Behinderung gelernt habe. Ich mochte den zweiten Tag vor allen, weil wir Sport als Menschen mit Behinderung ausprobiert haben. Auch wenn ich den zweien Tag bevorzugt habe, hat mir den ersten gut gefallen, weil wir die verschiedenen Behinderungrn getestet haben.<\/p>\n\n\n\n<p>L.K<\/p>\n\n\n\n<hr class=\"wp-block-separator has-text-color has-vivid-cyan-blue-color has-alpha-channel-opacity has-vivid-cyan-blue-background-color has-background is-style-dots\" style=\"margin-top:var(--wp--preset--spacing--20);margin-bottom:var(--wp--preset--spacing--20)\"\/>\n\n\n\n<p>Am 8. November haben wir Frau Jacquet und Hern Mbog interwient. Wir haben ihnen Fragen \u00fcber Behindertensport gestellt. Herr Mbog hat uns \u00fcber Parajudo gesprochen. Wir haben unsere Mitschuler gefilmt, die uns ihre Gefuhle mitgeteilt haben. Die Teilnahme an dem Projekt hat mir gefallen, weil es mir eine andere Seite des Sports gezeigt hat.<\/p>\n\n\n\n<p>Le 8 novembre, nous avons pos\u00e9 des questions a Mme Jacquet et M. Mbog ainsi qu\u2019aux \u00e9l\u00e8ves par rapport \u00e0 notre projet sur le handisport.<\/p>\n\n\n\n<p>JB<\/p>\n<\/div>\n\n\n\n<div class=\"wp-block-column is-layout-flow wp-block-column-is-layout-flow\" style=\"flex-basis:50%\">\n<p>Am 18. Oktober haben wir Parasport aussge\u00fcbt.<br>Am 8. November haben wir einen Parajudo-Lehrer und Frau Jaquet, eine Pr\u00e4sidentin des Paraveins \u00ab&nbsp;Les Tourterelles&nbsp;\u00bb interviewt.<br>Wir haben werschiedene Sportarten wie Blindenfussball,<br>Rollstuhbasketball und Sitzwolleyball ausprobiert.<br>Mit dem Parajudo-Lehrer haben wir gelernt, wie ein Judo Kampf f\u00fcr Blinde abla\u00fcft.<br>Was mich \u00fcberrascht hat, war die Vielfalt und die anderen Regeln im Vergleich zum normalen Sport, es ist sehr originell&nbsp;!<br>Ich habe den Tag, am dem wir Behindertensport ausprobiert haben, wirklich gemocht.<br>Das Vorstellungsgespr\u00e4ch hingegen hat mir wegen des Stresses nicht wirklich gefallen, aber es war sehr interessant.<\/p>\n\n\n\n<p>J.A, 3\u00e8meC<\/p>\n<\/div>\n<\/div>\n\n\n\n<hr class=\"wp-block-separator has-text-color has-vivid-cyan-blue-color has-alpha-channel-opacity has-vivid-cyan-blue-background-color has-background is-style-dots\" style=\"margin-top:var(--wp--preset--spacing--20);margin-bottom:var(--wp--preset--spacing--20)\"\/>\n\n\n\n<p>Am 18. Oktober haben wir viele Sportarten ausprobiert, zum Beispielt Para-Fussball, Blinden-Fussball, Sitzfechten.Wir haben uns einen Tag in die Lage eines behinderte Menschen versetzt.Wie haben die Regeln des Parasports erfahnen, gelernt und getestet, wie man ihn aus\u00fcbt.Ich war \u00fcberrascht&nbsp;, wie schwierig es ist, diese Sportarten als behinderter Menschen ausz\u00fcben und wieviel Geschicklichkeit es fordert ist. Ich habe diesen Tag sehr interessant gefunden, weil ich viel gelernt habe.<\/p>\n\n\n\n<p>Le 18 octobre, nous avons exp\u00e9riment\u00e9 divers para-sports et d\u00e9couvert les d\u00e9fis et comp\u00e9tences requises pour les pratiquer<\/p>\n","protected":false},"excerpt":{"rendered":"<p>\u00c0 l\u2019initiative du Goethe-Institut ouvrant un concours sur le handicap dans le cadre des jeux olympiques 2024 au 1er trimestre 2023, j\u2019ai propos\u00e9 \u00e0 deux classes de 4\u00e8me C et 3\u00e8me C d\u2019y participer avec le concours de leurs professeurs de sport, Romain Anica et Lo\u00efc Voelkel\u00a0. Nous avons mis en place une journ\u00e9e enti\u00e8re [&hellip;]<\/p>\n","protected":false},"author":1,"featured_media":0,"comment_status":"open","ping_status":"open","sticky":false,"template":"","format":"standard","meta":{"footnotes":""},"categories":[23,26,11,13,19],"tags":[121,73,122],"class_list":["post-1217","post","type-post","status-publish","format-standard","hentry","category-eps","category-langues-vivantes","category-parcours-citoyen","category-parcours-educatif-de-sante","category-production-deleves","tag-handisport","tag-jeux-olypiques-et-paralympiques","tag-parasport"],"_links":{"self":[{"href":"https:\/\/www.collegejeanlurcat.com\/site\/wp-json\/wp\/v2\/posts\/1217","targetHints":{"allow":["GET"]}}],"collection":[{"href":"https:\/\/www.collegejeanlurcat.com\/site\/wp-json\/wp\/v2\/posts"}],"about":[{"href":"https:\/\/www.collegejeanlurcat.com\/site\/wp-json\/wp\/v2\/types\/post"}],"author":[{"embeddable":true,"href":"https:\/\/www.collegejeanlurcat.com\/site\/wp-json\/wp\/v2\/users\/1"}],"replies":[{"embeddable":true,"href":"https:\/\/www.collegejeanlurcat.com\/site\/wp-json\/wp\/v2\/comments?post=1217"}],"version-history":[{"count":6,"href":"https:\/\/www.collegejeanlurcat.com\/site\/wp-json\/wp\/v2\/posts\/1217\/revisions"}],"predecessor-version":[{"id":1223,"href":"https:\/\/www.collegejeanlurcat.com\/site\/wp-json\/wp\/v2\/posts\/1217\/revisions\/1223"}],"wp:attachment":[{"href":"https:\/\/www.collegejeanlurcat.com\/site\/wp-json\/wp\/v2\/media?parent=1217"}],"wp:term":[{"taxonomy":"category","embeddable":true,"href":"https:\/\/www.collegejeanlurcat.com\/site\/wp-json\/wp\/v2\/categories?post=1217"},{"taxonomy":"post_tag","embeddable":true,"href":"https:\/\/www.collegejeanlurcat.com\/site\/wp-json\/wp\/v2\/tags?post=1217"}],"curies":[{"name":"wp","href":"https:\/\/api.w.org\/{rel}","templated":true}]}}