{"id":1251,"date":"2024-10-17T18:06:50","date_gmt":"2024-10-17T18:06:50","guid":{"rendered":"https:\/\/www.collegejeanlurcat.com\/site\/?p=1251"},"modified":"2024-10-17T18:06:50","modified_gmt":"2024-10-17T18:06:50","slug":"cross-de-lassociation-sportive","status":"publish","type":"post","link":"https:\/\/www.collegejeanlurcat.com\/site\/2024\/10\/17\/cross-de-lassociation-sportive\/","title":{"rendered":"Cross de l&rsquo;association sportive"},"content":{"rendered":"\n<p>En ce mercredi 16 Octobre, 6 de nos \u00e9l\u00e8ves (Oumniya, Ania, Cristian, Lord Exauc\u00e9, Tiago et Georges) ont particip\u00e9 au cross district regroupant tous les coll\u00e8ges de Villejuif et du Kremlin Bic\u00eatre.<br>Les coll\u00e8ges Pasteur, Aim\u00e9-C\u00e9saire, Guy-Moquet, Karl-Marx, Albert-Cron, Rosa-Park, Dulcie-September et bien s\u00fbr Jean-Lur\u00e7at, \u00e9taient repr\u00e9sent\u00e9s.<br>2 courses \u00e9taient organis\u00e9es sur 2500m chacune: une course filles de tous niveaux et une course gar\u00e7on de tous niveaux.<br><\/p>\n\n\n\n<div class=\"wp-block-media-text is-stacked-on-mobile\"><figure class=\"wp-block-media-text__media\"><img loading=\"lazy\" decoding=\"async\" width=\"768\" height=\"1024\" src=\"https:\/\/www.collegejeanlurcat.com\/site\/wp-content\/uploads\/2024\/10\/IMG-20241017-WA0000-768x1024.jpg\" alt=\"\" class=\"wp-image-1254 size-full\" srcset=\"https:\/\/www.collegejeanlurcat.com\/site\/wp-content\/uploads\/2024\/10\/IMG-20241017-WA0000-768x1024.jpg 768w, https:\/\/www.collegejeanlurcat.com\/site\/wp-content\/uploads\/2024\/10\/IMG-20241017-WA0000-225x300.jpg 225w, https:\/\/www.collegejeanlurcat.com\/site\/wp-content\/uploads\/2024\/10\/IMG-20241017-WA0000-1152x1536.jpg 1152w, https:\/\/www.collegejeanlurcat.com\/site\/wp-content\/uploads\/2024\/10\/IMG-20241017-WA0000.jpg 1500w\" sizes=\"auto, (max-width: 768px) 100vw, 768px\" \/><\/figure><div class=\"wp-block-media-text__content\">\n<p>La premi\u00e8re course concernait les filles. Apr\u00e8s que le d\u00e9part ait \u00e9t\u00e9 donn\u00e9 Oumniya a vtore son \u00e9pingle du jeu pour se retrouver rapidement en premi\u00e8re position. Elle ne la l\u00e2chera jamais et finira premi\u00e8re de ce cross.<\/p>\n\n\n\n<p><br>La seconde course concernait les gar\u00e7ons. Apr\u00e8s un d\u00e9part o\u00f9 on a assist\u00e9 \u00e0 une chute, 2 coureurs ont pris les devants dont notre Tiago national qui a m\u00eame perdu une chaussure \u00e0 la moiti\u00e9 de la course finissant la course en chaussette. Qu&rsquo;\u00e0 cela ne tienne, il a su, petit \u00e0 petit, faire craquer son adversaire et l&#8217;emporter face \u00e0 l&rsquo;adversaire qui l&rsquo;avait battu une semaine plus t\u00f4t lors de la corrida.<br>Nous sommes donc repartis de cet apr\u00e8s midi avec la <strong>2eme place au classement des coll\u00e8ges<\/strong> et une coupe suite \u00e0 ces <strong>2 m\u00e9dailles d&rsquo;or<\/strong> glan\u00e9es par nos champions.<\/p>\n<\/div><\/div>\n\n\n\n<p class=\"has-text-align-center has-luminous-vivid-orange-color has-text-color has-link-color wp-elements-0a2993e4525cb79c28a048f93b6305c8\"><strong>Bravo \u00e0 nos 6 champions qui ont fi\u00e8rement et courageusement repr\u00e9sent\u00e9 les couleurs du coll\u00e8ge <br>Jean-Lur\u00e7at!<\/strong><\/p>\n\n\n\n<div class=\"wp-block-columns is-layout-flex wp-container-core-columns-is-layout-28f84493 wp-block-columns-is-layout-flex\">\n<div class=\"wp-block-column is-layout-constrained wp-block-column-is-layout-constrained\" style=\"flex-basis:100%\">\n<div class=\"wp-block-columns is-layout-flex wp-container-core-columns-is-layout-28f84493 wp-block-columns-is-layout-flex\">\n<div class=\"wp-block-column is-layout-flow wp-block-column-is-layout-flow\">\n<p><strong>Classement final fille sur 86 filles:<\/strong><br><strong>Oumniya <\/strong>1ere en 11&rsquo;05<br><strong>Ania <\/strong>en 33eme en 16&rsquo;55<\/p>\n<\/div>\n\n\n\n<div class=\"wp-block-column is-layout-flow wp-block-column-is-layout-flow\">\n<p><strong>Classement final gar\u00e7on sur 72 gar\u00e7ons :<\/strong><br><strong>Tiago <\/strong>1er en 9&rsquo;58<br><strong>Cristian <\/strong>27eme en 13&rsquo;17<br><strong>Lord Exauc\u00e9<\/strong> 40eme en 15&rsquo;26<br><strong>Georges <\/strong>51eme en 16&rsquo;50<\/p>\n<\/div>\n<\/div>\n<\/div>\n<\/div>\n","protected":false},"excerpt":{"rendered":"<p>En ce mercredi 16 Octobre, 6 de nos \u00e9l\u00e8ves (Oumniya, Ania, Cristian, Lord Exauc\u00e9, Tiago et Georges) ont particip\u00e9 au cross district regroupant tous les coll\u00e8ges de Villejuif et du Kremlin Bic\u00eatre.Les coll\u00e8ges Pasteur, Aim\u00e9-C\u00e9saire, Guy-Moquet, Karl-Marx, Albert-Cron, Rosa-Park, Dulcie-September et bien s\u00fbr Jean-Lur\u00e7at, \u00e9taient repr\u00e9sent\u00e9s.2 courses \u00e9taient organis\u00e9es sur 2500m chacune: une course filles [&hellip;]<\/p>\n","protected":false},"author":1,"featured_media":0,"comment_status":"open","ping_status":"open","sticky":false,"template":"","format":"standard","meta":{"footnotes":""},"categories":[23,13,54],"tags":[21,72],"class_list":["post-1251","post","type-post","status-publish","format-standard","hentry","category-eps","category-parcours-educatif-de-sante","category-vie-de-letablissement","tag-as","tag-cross"],"_links":{"self":[{"href":"https:\/\/www.collegejeanlurcat.com\/site\/wp-json\/wp\/v2\/posts\/1251","targetHints":{"allow":["GET"]}}],"collection":[{"href":"https:\/\/www.collegejeanlurcat.com\/site\/wp-json\/wp\/v2\/posts"}],"about":[{"href":"https:\/\/www.collegejeanlurcat.com\/site\/wp-json\/wp\/v2\/types\/post"}],"author":[{"embeddable":true,"href":"https:\/\/www.collegejeanlurcat.com\/site\/wp-json\/wp\/v2\/users\/1"}],"replies":[{"embeddable":true,"href":"https:\/\/www.collegejeanlurcat.com\/site\/wp-json\/wp\/v2\/comments?post=1251"}],"version-history":[{"count":3,"href":"https:\/\/www.collegejeanlurcat.com\/site\/wp-json\/wp\/v2\/posts\/1251\/revisions"}],"predecessor-version":[{"id":1255,"href":"https:\/\/www.collegejeanlurcat.com\/site\/wp-json\/wp\/v2\/posts\/1251\/revisions\/1255"}],"wp:attachment":[{"href":"https:\/\/www.collegejeanlurcat.com\/site\/wp-json\/wp\/v2\/media?parent=1251"}],"wp:term":[{"taxonomy":"category","embeddable":true,"href":"https:\/\/www.collegejeanlurcat.com\/site\/wp-json\/wp\/v2\/categories?post=1251"},{"taxonomy":"post_tag","embeddable":true,"href":"https:\/\/www.collegejeanlurcat.com\/site\/wp-json\/wp\/v2\/tags?post=1251"}],"curies":[{"name":"wp","href":"https:\/\/api.w.org\/{rel}","templated":true}]}}