{"id":1281,"date":"2024-12-06T13:51:25","date_gmt":"2024-12-06T13:51:25","guid":{"rendered":"https:\/\/www.collegejeanlurcat.com\/site\/?p=1281"},"modified":"2024-12-06T15:00:51","modified_gmt":"2024-12-06T15:00:51","slug":"salon-du-livre-et-de-la-presse-jeuness-a-montreuil","status":"publish","type":"post","link":"https:\/\/www.collegejeanlurcat.com\/site\/2024\/12\/06\/salon-du-livre-et-de-la-presse-jeuness-a-montreuil\/","title":{"rendered":"Salon du livre et de la presse jeunesse \u00e0 Montreuil"},"content":{"rendered":"\n<h3 class=\"wp-block-heading\">La classe de 5D, qui participe au prix VOX, a visit\u00e9 le SLPJ de Montreuil ce vendredi 29 novembre. Une aventure qu&rsquo;ils ont mis par \u00e9crit pour vous la faire partager<\/h3>\n\n\n\n<p>Nous \u00e9tions le vendredi 29 novembre. Notre classe de 5\u00e8me D a fait une sortie pour aller au Salon du Livre et de la Presse Jeunesse. Le trajet s&rsquo;est bien pass\u00e9, on \u00e9tait tous de bonne humeur, on a mang\u00e9 et ri, etc. D&rsquo;abord nous avons pris la ligne 7 de Villejuif \u00e0 Place d&rsquo;Italie, puis la ligne 6 jusqu&rsquo;\u00e0 Nation, et enfin la ligne 9 jusqu&rsquo;\u00e0 l&rsquo;arr\u00eat Robespierre, \u00e0 Montreuil, o\u00f9 se tenait le Salon du Livre.<\/p>\n\n\n\n<p>Mais il y avait des adultes dans le m\u00e9tro qui n&rsquo;\u00e9taient pas tr\u00e8s compr\u00e9hensifs et ne tol\u00e9raient pas que nous, les enfants, fassions du bruit. Un monsieur nous a fait une remarque mais nous l&rsquo;avons bien pris parce que tout le monde criait \u00e0 ce moment l\u00e0. Il y avait le sosie de Juice WRLD (le rappeur) et on a vraiment bien mang\u00e9 tout au long du trajet.<\/p>\n\n\n\n<p>Arriv\u00e9s au Salon du Livre, nous nous sommes rang\u00e9s deux par deux pour prendre moins de place. Le Salon \u00e9tait tr\u00e8s grand et plein de monde. Dommage que nous n&rsquo;ayons pas pu prendre de photos et que la plupart des livres \u00e9taient <a href=\"https:\/\/www.sne.fr\/prix-unique-du-livre\/regime-du-prix-du-livre\/\" target=\"_blank\" rel=\"noreferrer noopener\">trop chers selon nous.<\/a> Nous avons d&rsquo;abord assist\u00e9 \u00e0 la r\u00e9union du Festival du Prix Vox, auquel notre classe participe. D&rsquo;abord, on nous a expliqu\u00e9 le projet Vox plus en d\u00e9tail. Le but principal \u00e9tait de rencontrer les auteurs des livres qui ont \u00e9t\u00e9 choisis pour participer \u00e0 ce festival, ainsi que des com\u00e9diens. Des acteurs ont lu certains des livres s\u00e9lectionn\u00e9s pour le Prix. La premi\u00e8re \u00e0 avoir lu \u00e9tait l&rsquo;autrice de <em>Nos vies en l&rsquo;air <\/em>elle-m\u00eame<em>, <\/em>Manon Fargetton<em>, <\/em>et le deuxi\u00e8me acteur a lu <em>C\u00e9leste ma plan\u00e8te<\/em> de Timoth\u00e9e de Fombelle (il faisait la voix du narrateur de l&rsquo;histoire). <\/p>\n\n\n\n<figure class=\"wp-block-gallery has-nested-images columns-2 is-cropped wp-block-gallery-1 is-layout-flex wp-block-gallery-is-layout-flex\">\n<figure class=\"wp-block-image size-large\"><img loading=\"lazy\" decoding=\"async\" width=\"1024\" height=\"768\" data-id=\"1282\" src=\"https:\/\/www.collegejeanlurcat.com\/site\/wp-content\/uploads\/2024\/12\/IMG_20241129_150019-1024x768.jpg\" alt=\"\" class=\"wp-image-1282\" srcset=\"https:\/\/www.collegejeanlurcat.com\/site\/wp-content\/uploads\/2024\/12\/IMG_20241129_150019-1024x768.jpg 1024w, https:\/\/www.collegejeanlurcat.com\/site\/wp-content\/uploads\/2024\/12\/IMG_20241129_150019-300x225.jpg 300w, https:\/\/www.collegejeanlurcat.com\/site\/wp-content\/uploads\/2024\/12\/IMG_20241129_150019-768x576.jpg 768w, https:\/\/www.collegejeanlurcat.com\/site\/wp-content\/uploads\/2024\/12\/IMG_20241129_150019-1536x1152.jpg 1536w, https:\/\/www.collegejeanlurcat.com\/site\/wp-content\/uploads\/2024\/12\/IMG_20241129_150019-2048x1536.jpg 2048w\" sizes=\"auto, (max-width: 1024px) 100vw, 1024px\" \/><figcaption class=\"wp-element-caption\">Quentin Th\u00e9baut lit <em>C\u00e9leste ma plan\u00e8te<\/em><\/figcaption><\/figure>\n\n\n\n<figure class=\"wp-block-image size-large\"><img loading=\"lazy\" decoding=\"async\" width=\"1024\" height=\"768\" data-id=\"1283\" src=\"https:\/\/www.collegejeanlurcat.com\/site\/wp-content\/uploads\/2024\/12\/IMG_20241129_1440291-1024x768.jpg\" alt=\"\" class=\"wp-image-1283\" srcset=\"https:\/\/www.collegejeanlurcat.com\/site\/wp-content\/uploads\/2024\/12\/IMG_20241129_1440291-1024x768.jpg 1024w, https:\/\/www.collegejeanlurcat.com\/site\/wp-content\/uploads\/2024\/12\/IMG_20241129_1440291-300x225.jpg 300w, https:\/\/www.collegejeanlurcat.com\/site\/wp-content\/uploads\/2024\/12\/IMG_20241129_1440291-768x576.jpg 768w, https:\/\/www.collegejeanlurcat.com\/site\/wp-content\/uploads\/2024\/12\/IMG_20241129_1440291-1536x1152.jpg 1536w, https:\/\/www.collegejeanlurcat.com\/site\/wp-content\/uploads\/2024\/12\/IMG_20241129_1440291-2048x1536.jpg 2048w\" sizes=\"auto, (max-width: 1024px) 100vw, 1024px\" \/><figcaption class=\"wp-element-caption\">Manon Fargetton lit <em>Nos vies en l&rsquo;air<\/em><\/figcaption><\/figure>\n\n\n\n<figure class=\"wp-block-image size-large\"><img loading=\"lazy\" decoding=\"async\" width=\"1024\" height=\"768\" data-id=\"1285\" src=\"https:\/\/www.collegejeanlurcat.com\/site\/wp-content\/uploads\/2024\/12\/IMG_20241129_150838-1024x768.jpg\" alt=\"\" class=\"wp-image-1285\" srcset=\"https:\/\/www.collegejeanlurcat.com\/site\/wp-content\/uploads\/2024\/12\/IMG_20241129_150838-1024x768.jpg 1024w, https:\/\/www.collegejeanlurcat.com\/site\/wp-content\/uploads\/2024\/12\/IMG_20241129_150838-300x225.jpg 300w, https:\/\/www.collegejeanlurcat.com\/site\/wp-content\/uploads\/2024\/12\/IMG_20241129_150838-768x576.jpg 768w, https:\/\/www.collegejeanlurcat.com\/site\/wp-content\/uploads\/2024\/12\/IMG_20241129_150838-1536x1152.jpg 1536w, https:\/\/www.collegejeanlurcat.com\/site\/wp-content\/uploads\/2024\/12\/IMG_20241129_150838-2048x1536.jpg 2048w\" sizes=\"auto, (max-width: 1024px) 100vw, 1024px\" \/><figcaption class=\"wp-element-caption\">Thomas et Solange, les com\u00e9diens qui vont venir faire travailler la classe pour le prix VOX<\/figcaption><\/figure>\n\n\n\n<figure class=\"wp-block-image size-large\"><img loading=\"lazy\" decoding=\"async\" width=\"1024\" height=\"768\" data-id=\"1286\" src=\"https:\/\/www.collegejeanlurcat.com\/site\/wp-content\/uploads\/2024\/12\/IMG_20241129_143723-1024x768.jpg\" alt=\"\" class=\"wp-image-1286\" srcset=\"https:\/\/www.collegejeanlurcat.com\/site\/wp-content\/uploads\/2024\/12\/IMG_20241129_143723-1024x768.jpg 1024w, https:\/\/www.collegejeanlurcat.com\/site\/wp-content\/uploads\/2024\/12\/IMG_20241129_143723-300x225.jpg 300w, https:\/\/www.collegejeanlurcat.com\/site\/wp-content\/uploads\/2024\/12\/IMG_20241129_143723-768x576.jpg 768w, https:\/\/www.collegejeanlurcat.com\/site\/wp-content\/uploads\/2024\/12\/IMG_20241129_143723-1536x1152.jpg 1536w, https:\/\/www.collegejeanlurcat.com\/site\/wp-content\/uploads\/2024\/12\/IMG_20241129_143723-2048x1536.jpg 2048w\" sizes=\"auto, (max-width: 1024px) 100vw, 1024px\" \/><figcaption class=\"wp-element-caption\">Rachid Santaki, parrain du prix VOX 2025<\/figcaption><\/figure>\n<\/figure>\n\n\n\n<p><em>Nos vies en l&rsquo;air<\/em> \u00e9tait un peu traumatisant dans ses th\u00e8mes (harc\u00e8lement, diffusion d&rsquo;images intimes) mais nous avons quand m\u00eame trouv\u00e9 que les passages lus \u00e9taient int\u00e9ressants. Ensuite, cinq \u00e9l\u00e8ves de notre classe ont \u00e9t\u00e9 invit\u00e9s \u00e0 monter sur sc\u00e8ne pour faire un jeu avec les com\u00e9diens\u00a0: Mateos, Ilyan, Sha\u00efnez, Jullie et Lyana. <\/p>\n\n\n\n<div class=\"wp-block-columns is-layout-flex wp-container-core-columns-is-layout-28f84493 wp-block-columns-is-layout-flex\">\n<div class=\"wp-block-column is-layout-flow wp-block-column-is-layout-flow\" style=\"flex-basis:50%\">\n<figure class=\"wp-block-gallery has-nested-images columns-default is-cropped wp-block-gallery-2 is-layout-flex wp-block-gallery-is-layout-flex\">\n<figure class=\"wp-block-image size-large\"><img loading=\"lazy\" decoding=\"async\" width=\"1024\" height=\"768\" data-id=\"1284\" src=\"https:\/\/www.collegejeanlurcat.com\/site\/wp-content\/uploads\/2024\/12\/IMG_20241129_151252-1024x768.jpg\" alt=\"\" class=\"wp-image-1284\" srcset=\"https:\/\/www.collegejeanlurcat.com\/site\/wp-content\/uploads\/2024\/12\/IMG_20241129_151252-1024x768.jpg 1024w, https:\/\/www.collegejeanlurcat.com\/site\/wp-content\/uploads\/2024\/12\/IMG_20241129_151252-300x225.jpg 300w, https:\/\/www.collegejeanlurcat.com\/site\/wp-content\/uploads\/2024\/12\/IMG_20241129_151252-768x576.jpg 768w, https:\/\/www.collegejeanlurcat.com\/site\/wp-content\/uploads\/2024\/12\/IMG_20241129_151252-1536x1152.jpg 1536w, https:\/\/www.collegejeanlurcat.com\/site\/wp-content\/uploads\/2024\/12\/IMG_20241129_151252-2048x1536.jpg 2048w\" sizes=\"auto, (max-width: 1024px) 100vw, 1024px\" \/><figcaption class=\"wp-element-caption\">Les \u00e9l\u00e8ves attendent que la musique commence pour se retourner face au public et.. ne rien faire<\/figcaption><\/figure>\n<\/figure>\n<\/div>\n\n\n\n<div class=\"wp-block-column is-layout-flow wp-block-column-is-layout-flow\" style=\"flex-basis:50%\">\n<p>On leur a mis une musique et on leur a demand\u00e9 de ne pas bouger. La plupart ont un peu boug\u00e9, mais certains sont rest\u00e9s compl\u00e9tement immobiles. Ceux qui ont particip\u00e9 \u00e0 ce jeu ont trouv\u00e9 l&rsquo;exp\u00e9rience assez troublante car ils ne faisaient litt\u00e9ralement rien. Certes ce moment \u00e9tait dr\u00f4le mais beaucoup d&rsquo;entre nous ont trouv\u00e9 le reste de la r\u00e9union un peu ennuyeux.<\/p>\n<\/div>\n<\/div>\n\n\n\n<p>Nous avons trouv\u00e9 malgr\u00e9 tout le Salon magnifique et int\u00e9ressant, car il y avait des beaux livres, et d&rsquo;autres comme&nbsp;: des livres d&rsquo;horreur, ou d&rsquo;aventure, et d\u00e8s que nous voyions les couvertures des livres \u00e7a nous donnait envie de les lire. Mais malheureusement beaucoup d&rsquo;entre nous n&rsquo;avaient pas d&rsquo;argent sur eux pour en acheter m\u00eame un seul. On pouvait aller au stand qu&rsquo;on voulait, chacun son tour, mais on n&rsquo;avait pas assez de temps pour tout voir. A la fin, nos professeurs nous ont emmen\u00e9s au stand des \u00e9ditions Gl\u00e9nat qui distribuaient des masques pour les 30 ans de la BD \u00ab&nbsp;Titeuf&nbsp;\u00bb (masques de Titeuf et de souris). Le seul petit souci, c&rsquo;est qu&rsquo;il faisait chaud et qu&rsquo;il y avait vraiment beaucoup de monde, ce qui faisait qu&rsquo;on \u00e9tait un peu serr\u00e9s.<\/p>\n","protected":false},"excerpt":{"rendered":"<p>La classe de 5D, qui participe au prix VOX, a visit\u00e9 le SLPJ de Montreuil ce vendredi 29 novembre. Une aventure qu&rsquo;ils ont mis par \u00e9crit pour vous la faire partager Nous \u00e9tions le vendredi 29 novembre. Notre classe de 5\u00e8me D a fait une sortie pour aller au Salon du Livre et de la [&hellip;]<\/p>\n","protected":false},"author":1,"featured_media":0,"comment_status":"open","ping_status":"open","sticky":false,"template":"","format":"standard","meta":{"footnotes":""},"categories":[27,10,19,54],"tags":[115,126],"class_list":["post-1281","post","type-post","status-publish","format-standard","hentry","category-francais","category-parcours-culturel","category-production-deleves","category-vie-de-letablissement","tag-prix-litteraire","tag-viox"],"_links":{"self":[{"href":"https:\/\/www.collegejeanlurcat.com\/site\/wp-json\/wp\/v2\/posts\/1281","targetHints":{"allow":["GET"]}}],"collection":[{"href":"https:\/\/www.collegejeanlurcat.com\/site\/wp-json\/wp\/v2\/posts"}],"about":[{"href":"https:\/\/www.collegejeanlurcat.com\/site\/wp-json\/wp\/v2\/types\/post"}],"author":[{"embeddable":true,"href":"https:\/\/www.collegejeanlurcat.com\/site\/wp-json\/wp\/v2\/users\/1"}],"replies":[{"embeddable":true,"href":"https:\/\/www.collegejeanlurcat.com\/site\/wp-json\/wp\/v2\/comments?post=1281"}],"version-history":[{"count":2,"href":"https:\/\/www.collegejeanlurcat.com\/site\/wp-json\/wp\/v2\/posts\/1281\/revisions"}],"predecessor-version":[{"id":1288,"href":"https:\/\/www.collegejeanlurcat.com\/site\/wp-json\/wp\/v2\/posts\/1281\/revisions\/1288"}],"wp:attachment":[{"href":"https:\/\/www.collegejeanlurcat.com\/site\/wp-json\/wp\/v2\/media?parent=1281"}],"wp:term":[{"taxonomy":"category","embeddable":true,"href":"https:\/\/www.collegejeanlurcat.com\/site\/wp-json\/wp\/v2\/categories?post=1281"},{"taxonomy":"post_tag","embeddable":true,"href":"https:\/\/www.collegejeanlurcat.com\/site\/wp-json\/wp\/v2\/tags?post=1281"}],"curies":[{"name":"wp","href":"https:\/\/api.w.org\/{rel}","templated":true}]}}