{"id":1446,"date":"2025-05-19T07:18:27","date_gmt":"2025-05-19T07:18:27","guid":{"rendered":"https:\/\/www.collegejeanlurcat.com\/site\/?p=1446"},"modified":"2025-05-19T07:22:26","modified_gmt":"2025-05-19T07:22:26","slug":"semaine-olympique-et-paralympique-2","status":"publish","type":"post","link":"https:\/\/www.collegejeanlurcat.com\/site\/2025\/05\/19\/semaine-olympique-et-paralympique-2\/","title":{"rendered":"Semaine olympique et paralympique"},"content":{"rendered":"\n<p><em>Du 31 mars au 4 avril, l&rsquo;\u00e9quipe d&rsquo;EPS de Jean-Lur\u00e7at a organis\u00e9 cette semaine sportive tous les \u00e9l\u00e8ves ont pu, par niveau, d\u00e9couvrir les nouvelles disciplines olympiques et s&rsquo;initier aux disciplines des Jeux Paralympiques.. Pour les sixi\u00e8me, c&rsquo;\u00e9tait l&rsquo;escalade: Ad\u00e8le et Kevin racontent leur exp\u00e9rience.<\/em><\/p>\n\n\n\n<p>Pour cette sortie \u00e0 l\u2019escalade, nous sommes partis avec trois classes : la sixi\u00e8me A, la sixi\u00e8me D et la sixi\u00e8me\u00a0E. Nous sommes all\u00e9s \u00e0 pied au gymnase Colette Besson.<\/p>\n\n\n\n<p>Tout d\u2019abord, avant de commencer, les professeurs nous avaient expliqu\u00e9 les r\u00e8gles car c\u2019est un sport dangereux. Dans ce sport, il y a trois r\u00f4les : le r\u00f4le du grimpeur, puis le r\u00f4le de l\u2019assureur et le r\u00f4le du contrat assureur. Les r\u00f4les s\u2019\u00e9changeaient.<\/p>\n\n\n\n<p>Ensuite, nous avons fait un \u00e9chauffement : nous avons grimp\u00e9 sans attache vers une ligne rouge, puis nous avons commenc\u00e9 \u00e0 mettre les attaches pour apprendre \u00e0 grimper. Puis nous avons commenc\u00e9 \u00e0 grimper haut. D&rsquo;ailleurs, il y avait deux murs : un mur pour les d\u00e9butants, plut\u00f4t pour les gens qui avaient peur, et un autre mur, un peu plus pench\u00e9, pour les gens qui avaient moins peur.<\/p>\n\n\n\n<p>Ad\u00e8le et Kevin (6A)<\/p>\n\n\n\n<figure class=\"wp-block-image size-large\"><img loading=\"lazy\" decoding=\"async\" width=\"1024\" height=\"683\" src=\"https:\/\/www.collegejeanlurcat.com\/site\/wp-content\/uploads\/2025\/05\/csm_2023-04_semaine_olympique_19_web_e08af5deec-1024x683.jpg\" alt=\"\" class=\"wp-image-1447\" srcset=\"https:\/\/www.collegejeanlurcat.com\/site\/wp-content\/uploads\/2025\/05\/csm_2023-04_semaine_olympique_19_web_e08af5deec-1024x683.jpg 1024w, https:\/\/www.collegejeanlurcat.com\/site\/wp-content\/uploads\/2025\/05\/csm_2023-04_semaine_olympique_19_web_e08af5deec-300x200.jpg 300w, https:\/\/www.collegejeanlurcat.com\/site\/wp-content\/uploads\/2025\/05\/csm_2023-04_semaine_olympique_19_web_e08af5deec-768x512.jpg 768w, https:\/\/www.collegejeanlurcat.com\/site\/wp-content\/uploads\/2025\/05\/csm_2023-04_semaine_olympique_19_web_e08af5deec-1536x1024.jpg 1536w, https:\/\/www.collegejeanlurcat.com\/site\/wp-content\/uploads\/2025\/05\/csm_2023-04_semaine_olympique_19_web_e08af5deec.jpg 1600w\" sizes=\"auto, (max-width: 1024px) 100vw, 1024px\" \/><figcaption class=\"wp-element-caption\">Salle d&rsquo;escalade \u00e0 la halle des sports Colette-Besson. Source: site web de Villejuif<\/figcaption><\/figure>\n\n\n\n<p><\/p>\n","protected":false},"excerpt":{"rendered":"<p>Du 31 mars au 4 avril, l&rsquo;\u00e9quipe d&rsquo;EPS de Jean-Lur\u00e7at a organis\u00e9 cette semaine sportive tous les \u00e9l\u00e8ves ont pu, par niveau, d\u00e9couvrir les nouvelles disciplines olympiques et s&rsquo;initier aux disciplines des Jeux Paralympiques.. Pour les sixi\u00e8me, c&rsquo;\u00e9tait l&rsquo;escalade: Ad\u00e8le et Kevin racontent leur exp\u00e9rience. Pour cette sortie \u00e0 l\u2019escalade, nous sommes partis avec trois [&hellip;]<\/p>\n","protected":false},"author":1,"featured_media":0,"comment_status":"open","ping_status":"open","sticky":false,"template":"","format":"standard","meta":{"footnotes":""},"categories":[27,11,19,54],"tags":[131,110,20,62],"class_list":["post-1446","post","type-post","status-publish","format-standard","hentry","category-francais","category-parcours-citoyen","category-production-deleves","category-vie-de-letablissement","tag-education-aux-medias-et-a-linformation","tag-emi","tag-eps","tag-sop"],"_links":{"self":[{"href":"https:\/\/www.collegejeanlurcat.com\/site\/wp-json\/wp\/v2\/posts\/1446","targetHints":{"allow":["GET"]}}],"collection":[{"href":"https:\/\/www.collegejeanlurcat.com\/site\/wp-json\/wp\/v2\/posts"}],"about":[{"href":"https:\/\/www.collegejeanlurcat.com\/site\/wp-json\/wp\/v2\/types\/post"}],"author":[{"embeddable":true,"href":"https:\/\/www.collegejeanlurcat.com\/site\/wp-json\/wp\/v2\/users\/1"}],"replies":[{"embeddable":true,"href":"https:\/\/www.collegejeanlurcat.com\/site\/wp-json\/wp\/v2\/comments?post=1446"}],"version-history":[{"count":2,"href":"https:\/\/www.collegejeanlurcat.com\/site\/wp-json\/wp\/v2\/posts\/1446\/revisions"}],"predecessor-version":[{"id":1449,"href":"https:\/\/www.collegejeanlurcat.com\/site\/wp-json\/wp\/v2\/posts\/1446\/revisions\/1449"}],"wp:attachment":[{"href":"https:\/\/www.collegejeanlurcat.com\/site\/wp-json\/wp\/v2\/media?parent=1446"}],"wp:term":[{"taxonomy":"category","embeddable":true,"href":"https:\/\/www.collegejeanlurcat.com\/site\/wp-json\/wp\/v2\/categories?post=1446"},{"taxonomy":"post_tag","embeddable":true,"href":"https:\/\/www.collegejeanlurcat.com\/site\/wp-json\/wp\/v2\/tags?post=1446"}],"curies":[{"name":"wp","href":"https:\/\/api.w.org\/{rel}","templated":true}]}}