{"id":1451,"date":"2025-05-19T07:28:55","date_gmt":"2025-05-19T07:28:55","guid":{"rendered":"https:\/\/www.collegejeanlurcat.com\/site\/?p=1451"},"modified":"2025-06-02T07:55:47","modified_gmt":"2025-06-02T07:55:47","slug":"rencontre-avec-eric-senabre","status":"publish","type":"post","link":"https:\/\/www.collegejeanlurcat.com\/site\/2025\/05\/19\/rencontre-avec-eric-senabre\/","title":{"rendered":"Rencontre avec Eric Senabre"},"content":{"rendered":"\n<p>Le vendredi 9 mai dernier les \u00e9l\u00e8ves de 6B ont rencontr\u00e9 Eric Senabre. Voici leur r\u00e9cit de cette rencontre, par Alice et Malak<\/p>\n\n\n\n<figure class=\"wp-block-image size-full\"><img loading=\"lazy\" decoding=\"async\" width=\"492\" height=\"593\" src=\"https:\/\/www.collegejeanlurcat.com\/site\/wp-content\/uploads\/2025\/05\/Sans-titre-22_2025051616454211.png\" alt=\"\" class=\"wp-image-1457\" srcset=\"https:\/\/www.collegejeanlurcat.com\/site\/wp-content\/uploads\/2025\/05\/Sans-titre-22_2025051616454211.png 492w, https:\/\/www.collegejeanlurcat.com\/site\/wp-content\/uploads\/2025\/05\/Sans-titre-22_2025051616454211-249x300.png 249w\" sizes=\"auto, (max-width: 492px) 100vw, 492px\" \/><\/figure>\n\n\n\n<figure class=\"wp-block-image size-full\"><img loading=\"lazy\" decoding=\"async\" width=\"517\" height=\"723\" src=\"https:\/\/www.collegejeanlurcat.com\/site\/wp-content\/uploads\/2025\/05\/Sans-titre-67_202505161657272.png\" alt=\"\" class=\"wp-image-1452\" srcset=\"https:\/\/www.collegejeanlurcat.com\/site\/wp-content\/uploads\/2025\/05\/Sans-titre-67_202505161657272.png 517w, https:\/\/www.collegejeanlurcat.com\/site\/wp-content\/uploads\/2025\/05\/Sans-titre-67_202505161657272-215x300.png 215w\" sizes=\"auto, (max-width: 517px) 100vw, 517px\" \/><\/figure>\n","protected":false},"excerpt":{"rendered":"<p>Le vendredi 9 mai dernier les \u00e9l\u00e8ves de 6B ont rencontr\u00e9 Eric Senabre. Voici leur r\u00e9cit de cette rencontre, par Alice et Malak<\/p>\n","protected":false},"author":1,"featured_media":0,"comment_status":"open","ping_status":"open","sticky":false,"template":"","format":"standard","meta":{"footnotes":""},"categories":[27,11,13,19,54],"tags":[131,110,113],"class_list":["post-1451","post","type-post","status-publish","format-standard","hentry","category-francais","category-parcours-citoyen","category-parcours-educatif-de-sante","category-production-deleves","category-vie-de-letablissement","tag-education-aux-medias-et-a-linformation","tag-emi","tag-lire-et-elire"],"_links":{"self":[{"href":"https:\/\/www.collegejeanlurcat.com\/site\/wp-json\/wp\/v2\/posts\/1451","targetHints":{"allow":["GET"]}}],"collection":[{"href":"https:\/\/www.collegejeanlurcat.com\/site\/wp-json\/wp\/v2\/posts"}],"about":[{"href":"https:\/\/www.collegejeanlurcat.com\/site\/wp-json\/wp\/v2\/types\/post"}],"author":[{"embeddable":true,"href":"https:\/\/www.collegejeanlurcat.com\/site\/wp-json\/wp\/v2\/users\/1"}],"replies":[{"embeddable":true,"href":"https:\/\/www.collegejeanlurcat.com\/site\/wp-json\/wp\/v2\/comments?post=1451"}],"version-history":[{"count":3,"href":"https:\/\/www.collegejeanlurcat.com\/site\/wp-json\/wp\/v2\/posts\/1451\/revisions"}],"predecessor-version":[{"id":1467,"href":"https:\/\/www.collegejeanlurcat.com\/site\/wp-json\/wp\/v2\/posts\/1451\/revisions\/1467"}],"wp:attachment":[{"href":"https:\/\/www.collegejeanlurcat.com\/site\/wp-json\/wp\/v2\/media?parent=1451"}],"wp:term":[{"taxonomy":"category","embeddable":true,"href":"https:\/\/www.collegejeanlurcat.com\/site\/wp-json\/wp\/v2\/categories?post=1451"},{"taxonomy":"post_tag","embeddable":true,"href":"https:\/\/www.collegejeanlurcat.com\/site\/wp-json\/wp\/v2\/tags?post=1451"}],"curies":[{"name":"wp","href":"https:\/\/api.w.org\/{rel}","templated":true}]}}