{"id":1454,"date":"2025-05-19T07:33:19","date_gmt":"2025-05-19T07:33:19","guid":{"rendered":"https:\/\/www.collegejeanlurcat.com\/site\/?p=1454"},"modified":"2025-05-19T07:33:19","modified_gmt":"2025-05-19T07:33:19","slug":"projet-lire-et-elire","status":"publish","type":"post","link":"https:\/\/www.collegejeanlurcat.com\/site\/2025\/05\/19\/projet-lire-et-elire\/","title":{"rendered":"Projet Lire et \u00c9lire"},"content":{"rendered":"\n<p>Le projet de \u00ab Lire et \u00c9lire\u00a0\u00bb consiste \u00e0 lire trois livres , pour lesquels nous avons vot\u00e9 le 6 mai. Nous avons d\u00fb choisir le meilleur livre selon nous. Nous r\u00e9compenserons l&rsquo;auteur dont le livre a \u00e9t\u00e9 \u00e9lu. Bien s\u00fbr, pour voter ,il faut avoir lu les trois livres\u00a0!<\/p>\n\n\n\n<p>Nous avons \u00e9galement rencontr\u00e9 un des auteurs des livres. Cette rencontre \u00e9tait tr\u00e8s agr\u00e9able, nous avons m\u00eame pu lui pr\u00e9senter nos activit\u00e9s au sujet de son livre Chercheur d&rsquo;os. Chaque classe a pu profiter d&rsquo;une rencontre avec un auteur&nbsp;: nous avons appr\u00e9ci\u00e9 ce moment.<\/p>\n\n\n\n<p>Les livres nous permettent \u00e9galement de lire&nbsp;: ce sont m\u00eame des livres sp\u00e9cialis\u00e9s pour notre tranche d&rsquo;\u00e2ge car ils sont class\u00e9s \u00ab&nbsp;jeunesse&nbsp;\u00bb. Ces livres sont m\u00eame lus par des CM2. Plusieurs \u00e9coles partagent ce projet enrichissant tout autant pour nous que pour les professeurs.<\/p>\n\n\n\n<p>Kamiya-Rose (6A)<\/p>\n","protected":false},"excerpt":{"rendered":"<p>Le projet de \u00ab Lire et \u00c9lire\u00a0\u00bb consiste \u00e0 lire trois livres , pour lesquels nous avons vot\u00e9 le 6 mai. Nous avons d\u00fb choisir le meilleur livre selon nous. Nous r\u00e9compenserons l&rsquo;auteur dont le livre a \u00e9t\u00e9 \u00e9lu. Bien s\u00fbr, pour voter ,il faut avoir lu les trois livres\u00a0! Nous avons \u00e9galement rencontr\u00e9 un [&hellip;]<\/p>\n","protected":false},"author":1,"featured_media":1455,"comment_status":"open","ping_status":"open","sticky":false,"template":"","format":"standard","meta":{"footnotes":""},"categories":[27,11,10,54],"tags":[131,110,113],"class_list":["post-1454","post","type-post","status-publish","format-standard","has-post-thumbnail","hentry","category-francais","category-parcours-citoyen","category-parcours-culturel","category-vie-de-letablissement","tag-education-aux-medias-et-a-linformation","tag-emi","tag-lire-et-elire"],"_links":{"self":[{"href":"https:\/\/www.collegejeanlurcat.com\/site\/wp-json\/wp\/v2\/posts\/1454","targetHints":{"allow":["GET"]}}],"collection":[{"href":"https:\/\/www.collegejeanlurcat.com\/site\/wp-json\/wp\/v2\/posts"}],"about":[{"href":"https:\/\/www.collegejeanlurcat.com\/site\/wp-json\/wp\/v2\/types\/post"}],"author":[{"embeddable":true,"href":"https:\/\/www.collegejeanlurcat.com\/site\/wp-json\/wp\/v2\/users\/1"}],"replies":[{"embeddable":true,"href":"https:\/\/www.collegejeanlurcat.com\/site\/wp-json\/wp\/v2\/comments?post=1454"}],"version-history":[{"count":1,"href":"https:\/\/www.collegejeanlurcat.com\/site\/wp-json\/wp\/v2\/posts\/1454\/revisions"}],"predecessor-version":[{"id":1456,"href":"https:\/\/www.collegejeanlurcat.com\/site\/wp-json\/wp\/v2\/posts\/1454\/revisions\/1456"}],"wp:featuredmedia":[{"embeddable":true,"href":"https:\/\/www.collegejeanlurcat.com\/site\/wp-json\/wp\/v2\/media\/1455"}],"wp:attachment":[{"href":"https:\/\/www.collegejeanlurcat.com\/site\/wp-json\/wp\/v2\/media?parent=1454"}],"wp:term":[{"taxonomy":"category","embeddable":true,"href":"https:\/\/www.collegejeanlurcat.com\/site\/wp-json\/wp\/v2\/categories?post=1454"},{"taxonomy":"post_tag","embeddable":true,"href":"https:\/\/www.collegejeanlurcat.com\/site\/wp-json\/wp\/v2\/tags?post=1454"}],"curies":[{"name":"wp","href":"https:\/\/api.w.org\/{rel}","templated":true}]}}