{"id":1504,"date":"2025-07-01T07:07:36","date_gmt":"2025-07-01T07:07:36","guid":{"rendered":"https:\/\/www.collegejeanlurcat.com\/site\/?p=1504"},"modified":"2025-07-01T07:15:41","modified_gmt":"2025-07-01T07:15:41","slug":"prix-vox","status":"publish","type":"post","link":"https:\/\/www.collegejeanlurcat.com\/site\/2025\/07\/01\/prix-vox\/","title":{"rendered":"Prix VOX"},"content":{"rendered":"\n<p>La classe de 5D a particip\u00e9 aux prix VOX d\u00e9cern\u00e9 au meilleur livre audio de l&rsquo;ann\u00e9e. Cette remise du prix le 17 juin dernier s&rsquo;est accompagn\u00e9e d&rsquo;une restitution des 5 coll\u00e8ges participant, chacun d\u00e9fendant son livre pr\u00e9f\u00e9r\u00e9 par une lecture th\u00e9\u00e2tralis\u00e9e d&rsquo;un extrait. Jean-Lur\u00e7at a br\u00fbl\u00e9 les planches!<\/p>\n\n\n\n<p>Mardi 17 juin, 7h45, toute la classe s&rsquo;est mobilis\u00e9e pour se lever aux aurores afin d&rsquo;arriver \u00e0 l&rsquo;heure au lieu de rendez-vous \u00e0 Montreuil. Ce lieu, c&rsquo;est l&rsquo;<a href=\"https:\/\/aeri.ovh\/\" target=\"_blank\" rel=\"noreferrer noopener\">AERI<\/a>, un tiers lieu qui accueille des repr\u00e9sentations diverses mais toujours culturelles. La salle de spectacle \u00e9tait encore \u00e9quip\u00e9e d&rsquo;une piste, mont\u00e9e pour un concert pendant lequel des cyclistes tournaient autour des spectateurs!<\/p>\n\n\n\n<p>Cette journ\u00e9e de restitution est l&rsquo;aboutissement d&rsquo;une travail men\u00e9 toute l&rsquo;ann\u00e9e: \u00e9coute et analyse des livres audio, bien s\u00fbr mais aussi ateliers th\u00e9\u00e2tre. Ces ateliers se sont d\u00e9roul\u00e9s avec deux com\u00e9diens du <a href=\"https:\/\/www.collectifpasserelles.com\/\" target=\"_blank\" rel=\"noreferrer noopener\">collectif passerelles<\/a>, Thomas et Solange, en 5 ateliers de 2h chacun. Les \u00e9l\u00e8ves ont appris \u00e0 se tenir sur sc\u00e8ne, avec ou sans paroles, \u00e0 d\u00e9velopper des arguments, \u00e0 s&rsquo;exprimer sur sc\u00e8ne avec des mots mais aussi avec le corps. A la fin des 5 ateliers, ils ont vot\u00e9 pour leur livre pr\u00e9f\u00e9r\u00e9,<em><a href=\"https:\/\/www.troispetitspoints.audio\/produit\/la-chanson-de-martin-martins-song\/\" target=\"_blank\" rel=\"noreferrer noopener\"> Martin&rsquo;s Song<\/a><\/em>. Solange et Thomas ont choisi parmi les volontaires les huit \u00e9l\u00e8ves qui allaient nous repr\u00e9senter sur sc\u00e8ne le 17 juin.<\/p>\n\n\n\n<p>A Montreuil le 17 juin, pour nos \u00e9l\u00e8ves, pas de v\u00e9lo, mais de belles rencontres: un atelier conte pour les \u00e9l\u00e8ves qui ne r\u00e9p\u00e9taient pas la sc\u00e8ne de restitution, suivi d&rsquo;une discussion passionn\u00e9e avec Manon Fargetton, autrice, puis d&rsquo;un second temps d&rsquo;\u00e9change avec une ing\u00e9nieure du son. Nos \u00e9l\u00e8ves ont ainsi pu enrichir leur parcours avenir en d\u00e9couvrant ces deux m\u00e9tiers en lien avec les livres audio.<\/p>\n\n\n\n<p>Comme la m\u00e9t\u00e9o nous a offert un magnifique temps estival, nous sommes all\u00e9s pique-niquer au parc Jean-Moulin tout proche. La vue sur Paris depuis les hauts de cet espace est impressionnante.<\/p>\n\n\n\n<p>L&rsquo;apr\u00e8s-midi, retour \u00e0 l&rsquo;AERI. Chaque \u00e9tablissement a d\u00e9fendu son livre pr\u00e9f\u00e9r\u00e9 en mettant en sc\u00e8ne un extrait, et une pr\u00e9sentation de celui-ci. En toute objectivit\u00e9, la prestation des nos \u00e9l\u00e8ves a \u00e9t\u00e9 exceptionnelle! Voici les 5 livres de la s\u00e9lection, qui ont \u00e9t\u00e9 d\u00e9fendus chacun par un \u00e9tablissement:<\/p>\n\n\n\n<ul class=\"wp-block-list\">\n<li><em>Nos vies en l\u2019air<\/em> , de Manon Fargetton et Gabriel Bismuth-Bienaim\u00e9, lu par l\u2019autrice, Audiolib<\/li>\n\n\n\n<li><em>La Grande Princesse<\/em> , de Julia Pietri, lu par Corinne Masiero, des femmes-Antoinette Fouque<\/li>\n\n\n\n<li><em>C\u00e9leste ma plan\u00e8te <\/em>, de Timoth\u00e9e de Fombelle, lu par Quentin Th\u00e9bault et Anne Le Coutour, Gallimard Jeunesse<\/li>\n\n\n\n<li><em>La bo\u00eete de Pandore<\/em> , de Nathaniel Hawthorne, lu par Lou Saintagne, Th\u00e9l\u00e8me<\/li>\n\n\n\n<li><em>La chanson de Martin &#8211; Martin\u2019s song<\/em> , de Jane M\u00e9ry, lu par Camille Claris et Andrew Paulsen, Trois Petits Points<\/li>\n<\/ul>\n\n\n\n<p>Le prix VOX a \u00e9t\u00e9 remis \u00e0 Manon Fargetton et Gabriel Bismuth pour <em>Nos vies en l&rsquo;air<\/em>.<\/p>\n\n\n\n<p><\/p>\n","protected":false},"excerpt":{"rendered":"<p>La classe de 5D a particip\u00e9 aux prix VOX d\u00e9cern\u00e9 au meilleur livre audio de l&rsquo;ann\u00e9e. Cette remise du prix le 17 juin dernier s&rsquo;est accompagn\u00e9e d&rsquo;une restitution des 5 coll\u00e8ges participant, chacun d\u00e9fendant son livre pr\u00e9f\u00e9r\u00e9 par une lecture th\u00e9\u00e2tralis\u00e9e d&rsquo;un extrait. Jean-Lur\u00e7at a br\u00fbl\u00e9 les planches! Mardi 17 juin, 7h45, toute la classe [&hellip;]<\/p>\n","protected":false},"author":1,"featured_media":1509,"comment_status":"open","ping_status":"open","sticky":false,"template":"","format":"standard","meta":{"footnotes":""},"categories":[27,12,10,19],"tags":[115,125],"class_list":["post-1504","post","type-post","status-publish","format-standard","has-post-thumbnail","hentry","category-francais","category-parcours-avenir","category-parcours-culturel","category-production-deleves","tag-prix-litteraire","tag-vox"],"_links":{"self":[{"href":"https:\/\/www.collegejeanlurcat.com\/site\/wp-json\/wp\/v2\/posts\/1504","targetHints":{"allow":["GET"]}}],"collection":[{"href":"https:\/\/www.collegejeanlurcat.com\/site\/wp-json\/wp\/v2\/posts"}],"about":[{"href":"https:\/\/www.collegejeanlurcat.com\/site\/wp-json\/wp\/v2\/types\/post"}],"author":[{"embeddable":true,"href":"https:\/\/www.collegejeanlurcat.com\/site\/wp-json\/wp\/v2\/users\/1"}],"replies":[{"embeddable":true,"href":"https:\/\/www.collegejeanlurcat.com\/site\/wp-json\/wp\/v2\/comments?post=1504"}],"version-history":[{"count":2,"href":"https:\/\/www.collegejeanlurcat.com\/site\/wp-json\/wp\/v2\/posts\/1504\/revisions"}],"predecessor-version":[{"id":1508,"href":"https:\/\/www.collegejeanlurcat.com\/site\/wp-json\/wp\/v2\/posts\/1504\/revisions\/1508"}],"wp:featuredmedia":[{"embeddable":true,"href":"https:\/\/www.collegejeanlurcat.com\/site\/wp-json\/wp\/v2\/media\/1509"}],"wp:attachment":[{"href":"https:\/\/www.collegejeanlurcat.com\/site\/wp-json\/wp\/v2\/media?parent=1504"}],"wp:term":[{"taxonomy":"category","embeddable":true,"href":"https:\/\/www.collegejeanlurcat.com\/site\/wp-json\/wp\/v2\/categories?post=1504"},{"taxonomy":"post_tag","embeddable":true,"href":"https:\/\/www.collegejeanlurcat.com\/site\/wp-json\/wp\/v2\/tags?post=1504"}],"curies":[{"name":"wp","href":"https:\/\/api.w.org\/{rel}","templated":true}]}}