{"id":1615,"date":"2025-12-16T19:21:39","date_gmt":"2025-12-16T19:21:39","guid":{"rendered":"https:\/\/www.collegejeanlurcat.com\/site\/?p=1615"},"modified":"2025-12-16T19:31:53","modified_gmt":"2025-12-16T19:31:53","slug":"4c-sortie-au-musee-du-quai-branly-jacques-chirac","status":"publish","type":"post","link":"https:\/\/www.collegejeanlurcat.com\/site\/2025\/12\/16\/4c-sortie-au-musee-du-quai-branly-jacques-chirac\/","title":{"rendered":"4C &#8211; Sortie au mus\u00e9e du quai Branly Jacques Chirac"},"content":{"rendered":"\n<p><\/p>\n\n\n\n<p><\/p>\n\n\n\n<p>Aujourd&rsquo;hui, mardi 16.12.2025 toute la matin\u00e9e, les \u00e9l\u00e8ves de 4C, accompagn\u00e9s par leurs enseignants d&rsquo;allemand et d&rsquo;arts plastiques se sont rendus au mus\u00e9e du quai Branly pour visiter l&rsquo;exposition \u00ab\u00a0Amaz\u00f4nia\u00a0\u00bb.<br><br>On y a vu toutes sortes d&rsquo;objets, d&rsquo;images et d\u2019\u0153uvres d&rsquo;art des + de 350 peuples d&rsquo;Amazonie ! <br><br>Vous avez bien lu : vous pourriez passer chaque jour de l&rsquo;ann\u00e9e \u00e0 d\u00e9couvrir un peuple diff\u00e9rent dans ce vaste territoire grand comme 14 fois la France ! <br><br>Rendez-vous compte!<br><br><\/p>\n\n\n\n<figure class=\"wp-block-image size-full\"><img loading=\"lazy\" decoding=\"async\" width=\"558\" height=\"793\" src=\"https:\/\/www.collegejeanlurcat.com\/site\/wp-content\/uploads\/2025\/12\/amazonia_affiche.png\" alt=\"\" class=\"wp-image-1618\" srcset=\"https:\/\/www.collegejeanlurcat.com\/site\/wp-content\/uploads\/2025\/12\/amazonia_affiche.png 558w, https:\/\/www.collegejeanlurcat.com\/site\/wp-content\/uploads\/2025\/12\/amazonia_affiche-211x300.png 211w\" sizes=\"auto, (max-width: 558px) 100vw, 558px\" \/><figcaption class=\"wp-element-caption\">Affiche de l&rsquo;exposition \u00ab\u00a0Amaz\u00f4nia\u00a0\u00bb actuellement au mus\u00e9e du quai Branly jusqu&rsquo;au 16.01.2026<\/figcaption><\/figure>\n\n\n\n<p><\/p>\n\n\n\n<p>Contrairement \u00e0 nos pr\u00e9jug\u00e9s bien ancr\u00e9s encore, l&rsquo;Amazonie qui est partag\u00e9e entre 9 pays, dont la France avec la Guyane fran\u00e7aise, n&rsquo;a jamais \u00e9t\u00e9 une \u00ab\u00a0for\u00eat vierge\u00a0\u00bb comme on l&rsquo;entend souvent, mais bien un v\u00e9ritable \u00ab\u00a0jardin d&rsquo;origine humaine\u00a0\u00bb.  En effet, l\u00e0-bas, depuis des temps imm\u00e9moriaux, les groupes humains qui peuplent ce vaste territoire plus grand que le continent europ\u00e9en n&rsquo;ont pas cess\u00e9 de s\u00e9lectionner les esp\u00e8ces v\u00e9g\u00e9tales profitables humainement que l&rsquo;on retrouve un peu partout sur ce gigantesque territoire.<\/p>\n\n\n\n<p>Or, les exploitations mini\u00e8res ill\u00e9gales, la monoculture, l&rsquo;\u00e9levage intensif, la d\u00e9forestation et le r\u00e9chauffement climatique font peser de lourdes menaces sur les \u00e9cosyst\u00e8mes et les moyens de vivre dans le respect de leurs traditions les peuples qui y vivent et y restent attach\u00e9s, tout autant qu&rsquo;ils connaissent la modernit\u00e9 et ne m\u00e9connaissent pas ses usages.<\/p>\n\n\n\n<p>Aussi, cette exposition montre-t-elle toute la richesse, toute la spiritualit\u00e9 et le foisonnement de ces peuples qui continuent d&rsquo;exister, de vivre et de cr\u00e9er.<\/p>\n\n\n\n<p>Tr\u00e8s belle exposition!<\/p>\n\n\n\n<p><\/p>\n\n\n\n<figure class=\"wp-block-image size-full\"><img loading=\"lazy\" decoding=\"async\" width=\"435\" height=\"404\" src=\"https:\/\/www.collegejeanlurcat.com\/site\/wp-content\/uploads\/2025\/12\/Itineraire-College-Musee-du-Quai-Branly-Transports-en-commun.jpg\" alt=\"\" class=\"wp-image-1619\" srcset=\"https:\/\/www.collegejeanlurcat.com\/site\/wp-content\/uploads\/2025\/12\/Itineraire-College-Musee-du-Quai-Branly-Transports-en-commun.jpg 435w, https:\/\/www.collegejeanlurcat.com\/site\/wp-content\/uploads\/2025\/12\/Itineraire-College-Musee-du-Quai-Branly-Transports-en-commun-300x279.jpg 300w\" sizes=\"auto, (max-width: 435px) 100vw, 435px\" \/><figcaption class=\"wp-element-caption\">L&rsquo;itin\u00e9raire pour se rendre au Mus\u00e9e du Quai Branly par les transports en commun<\/figcaption><\/figure>\n\n\n\n<p><\/p>\n","protected":false},"excerpt":{"rendered":"<p>Aujourd&rsquo;hui, mardi 16.12.2025 toute la matin\u00e9e, les \u00e9l\u00e8ves de 4C, accompagn\u00e9s par leurs enseignants d&rsquo;allemand et d&rsquo;arts plastiques se sont rendus au mus\u00e9e du quai Branly pour visiter l&rsquo;exposition \u00ab\u00a0Amaz\u00f4nia\u00a0\u00bb. On y a vu toutes sortes d&rsquo;objets, d&rsquo;images et d\u2019\u0153uvres d&rsquo;art des + de 350 peuples d&rsquo;Amazonie ! Vous avez bien lu : vous pourriez [&hellip;]<\/p>\n","protected":false},"author":6,"featured_media":0,"comment_status":"open","ping_status":"open","sticky":false,"template":"","format":"standard","meta":{"footnotes":""},"categories":[1],"tags":[146,138,136,139,145,142,83,78,93,143,141,140,80,144,42,137],"class_list":["post-1615","post","type-post","status-publish","format-standard","hentry","category-cdi","tag-146","tag-4e","tag-allemand","tag-anthropocene","tag-art-corporel","tag-artisanat","tag-arts-plastiques","tag-culture","tag-exposition","tag-objets","tag-oeuvres-dart","tag-paris","tag-peac","tag-peinture","tag-sortie","tag-voyage"],"_links":{"self":[{"href":"https:\/\/www.collegejeanlurcat.com\/site\/wp-json\/wp\/v2\/posts\/1615","targetHints":{"allow":["GET"]}}],"collection":[{"href":"https:\/\/www.collegejeanlurcat.com\/site\/wp-json\/wp\/v2\/posts"}],"about":[{"href":"https:\/\/www.collegejeanlurcat.com\/site\/wp-json\/wp\/v2\/types\/post"}],"author":[{"embeddable":true,"href":"https:\/\/www.collegejeanlurcat.com\/site\/wp-json\/wp\/v2\/users\/6"}],"replies":[{"embeddable":true,"href":"https:\/\/www.collegejeanlurcat.com\/site\/wp-json\/wp\/v2\/comments?post=1615"}],"version-history":[{"count":2,"href":"https:\/\/www.collegejeanlurcat.com\/site\/wp-json\/wp\/v2\/posts\/1615\/revisions"}],"predecessor-version":[{"id":1620,"href":"https:\/\/www.collegejeanlurcat.com\/site\/wp-json\/wp\/v2\/posts\/1615\/revisions\/1620"}],"wp:attachment":[{"href":"https:\/\/www.collegejeanlurcat.com\/site\/wp-json\/wp\/v2\/media?parent=1615"}],"wp:term":[{"taxonomy":"category","embeddable":true,"href":"https:\/\/www.collegejeanlurcat.com\/site\/wp-json\/wp\/v2\/categories?post=1615"},{"taxonomy":"post_tag","embeddable":true,"href":"https:\/\/www.collegejeanlurcat.com\/site\/wp-json\/wp\/v2\/tags?post=1615"}],"curies":[{"name":"wp","href":"https:\/\/api.w.org\/{rel}","templated":true}]}}