{"id":311,"date":"2022-12-01T19:32:50","date_gmt":"2022-12-01T19:32:50","guid":{"rendered":"https:\/\/www.collegejeanlurcat.com\/site\/?p=311"},"modified":"2022-12-01T20:21:52","modified_gmt":"2022-12-01T20:21:52","slug":"au-nom-de-la-loi","status":"publish","type":"post","link":"https:\/\/www.collegejeanlurcat.com\/site\/2022\/12\/01\/au-nom-de-la-loi\/","title":{"rendered":"Au nom de la loi &#8230;"},"content":{"rendered":"\n<p>Expo 13 &#8211; 18 \u00e0 la maison de la Justice et du Droit \u00e0 Villejuif.<\/p>\n\n\n\n<p>Cette ann\u00e9e, les \u00e9l\u00e8ves des classes de quatri\u00e8me A et D ont assist\u00e9 \u00e0 l&rsquo;exposition \u00ab\u00a0<strong>13 &#8211; 18, Questions de Justice<\/strong>\u00ab\u00a0.<\/p>\n\n\n\n<p>L&rsquo;objectif de cette action permet d&rsquo;apporter des r\u00e9ponses claires aux \u00e9l\u00e8ves des coll\u00e8ges sur la loi et le syst\u00e8me judiciaire \u00e0 partir de textes fondamentaux relatifs au droit des mineurs.<\/p>\n\n\n\n<p>Sous la forme d&rsquo;un atelier \u00ab\u00a0questions &#8211; r\u00e9ponses\u00a0\u00bb, ils ont ainsi pu \u00e9changer durant une heure avec une \u00e9ducatrice sp\u00e9cialis\u00e9e de la Protection Judiciaire de la Jeunesse du Minist\u00e8re de la Justice.<br>L&rsquo;exposition \u00ab\u00a013 &#8211; 18 Questions de Justice\u00a0\u00bb s&rsquo;inscrit dans une politique concr\u00e8te d&rsquo;information et de pr\u00e9vention.<\/p>\n\n\n\n<figure class=\"wp-block-image aligncenter size-full\"><img loading=\"lazy\" decoding=\"async\" width=\"814\" height=\"224\" src=\"https:\/\/www.collegejeanlurcat.com\/site\/wp-content\/uploads\/2022\/12\/Capture-Expo-13-18.png\" alt=\"\" class=\"wp-image-312\" srcset=\"https:\/\/www.collegejeanlurcat.com\/site\/wp-content\/uploads\/2022\/12\/Capture-Expo-13-18.png 814w, https:\/\/www.collegejeanlurcat.com\/site\/wp-content\/uploads\/2022\/12\/Capture-Expo-13-18-300x83.png 300w, https:\/\/www.collegejeanlurcat.com\/site\/wp-content\/uploads\/2022\/12\/Capture-Expo-13-18-768x211.png 768w\" sizes=\"auto, (max-width: 814px) 100vw, 814px\" \/><\/figure>\n\n\n\n<p>La Maison de la Justice et du Droit est ouverte \u00e0 toute personne souhaitant s\u2019informer sur ses droits et ses obligations, \u00eatre orient\u00e9e, conseill\u00e9e ou assist\u00e9e dans ses d\u00e9marches juridiques ou administratives.<\/p>\n\n\n\n<figure class=\"wp-block-image aligncenter size-full is-resized\"><a href=\"https:\/\/www.grandorlyseinebievre.fr\/au-quotidien\/solidarites\/maisons-de-justice-et-du-droit\/maison-de-justice-et-du-droit-a-villejuif\" target=\"_blank\" rel=\"noreferrer noopener\"><img loading=\"lazy\" decoding=\"async\" src=\"https:\/\/www.collegejeanlurcat.com\/site\/wp-content\/uploads\/2022\/12\/csm_Facade_MJD_Villejuif_0b5709fb85.jpg\" alt=\"\" class=\"wp-image-315\" width=\"362\" height=\"272\" srcset=\"https:\/\/www.collegejeanlurcat.com\/site\/wp-content\/uploads\/2022\/12\/csm_Facade_MJD_Villejuif_0b5709fb85.jpg 800w, https:\/\/www.collegejeanlurcat.com\/site\/wp-content\/uploads\/2022\/12\/csm_Facade_MJD_Villejuif_0b5709fb85-300x225.jpg 300w, https:\/\/www.collegejeanlurcat.com\/site\/wp-content\/uploads\/2022\/12\/csm_Facade_MJD_Villejuif_0b5709fb85-768x576.jpg 768w\" sizes=\"auto, (max-width: 362px) 100vw, 362px\" \/><\/a><figcaption class=\"wp-element-caption\">Maison de Justice et du Droit \u00e0 Villejuif<\/figcaption><\/figure>\n","protected":false},"excerpt":{"rendered":"<p>Expo 13 &#8211; 18 \u00e0 la maison de la Justice et du Droit \u00e0 Villejuif. Cette ann\u00e9e, les \u00e9l\u00e8ves des classes de quatri\u00e8me A et D ont assist\u00e9 \u00e0 l&rsquo;exposition \u00ab\u00a013 &#8211; 18, Questions de Justice\u00ab\u00a0. L&rsquo;objectif de cette action permet d&rsquo;apporter des r\u00e9ponses claires aux \u00e9l\u00e8ves des coll\u00e8ges sur la loi et le syst\u00e8me [&hellip;]<\/p>\n","protected":false},"author":1,"featured_media":0,"comment_status":"open","ping_status":"open","sticky":false,"template":"","format":"standard","meta":{"footnotes":""},"categories":[11],"tags":[],"class_list":["post-311","post","type-post","status-publish","format-standard","hentry","category-parcours-citoyen"],"_links":{"self":[{"href":"https:\/\/www.collegejeanlurcat.com\/site\/wp-json\/wp\/v2\/posts\/311","targetHints":{"allow":["GET"]}}],"collection":[{"href":"https:\/\/www.collegejeanlurcat.com\/site\/wp-json\/wp\/v2\/posts"}],"about":[{"href":"https:\/\/www.collegejeanlurcat.com\/site\/wp-json\/wp\/v2\/types\/post"}],"author":[{"embeddable":true,"href":"https:\/\/www.collegejeanlurcat.com\/site\/wp-json\/wp\/v2\/users\/1"}],"replies":[{"embeddable":true,"href":"https:\/\/www.collegejeanlurcat.com\/site\/wp-json\/wp\/v2\/comments?post=311"}],"version-history":[{"count":10,"href":"https:\/\/www.collegejeanlurcat.com\/site\/wp-json\/wp\/v2\/posts\/311\/revisions"}],"predecessor-version":[{"id":340,"href":"https:\/\/www.collegejeanlurcat.com\/site\/wp-json\/wp\/v2\/posts\/311\/revisions\/340"}],"wp:attachment":[{"href":"https:\/\/www.collegejeanlurcat.com\/site\/wp-json\/wp\/v2\/media?parent=311"}],"wp:term":[{"taxonomy":"category","embeddable":true,"href":"https:\/\/www.collegejeanlurcat.com\/site\/wp-json\/wp\/v2\/categories?post=311"},{"taxonomy":"post_tag","embeddable":true,"href":"https:\/\/www.collegejeanlurcat.com\/site\/wp-json\/wp\/v2\/tags?post=311"}],"curies":[{"name":"wp","href":"https:\/\/api.w.org\/{rel}","templated":true}]}}