{"id":503,"date":"2023-03-08T15:09:26","date_gmt":"2023-03-08T15:09:26","guid":{"rendered":"https:\/\/www.collegejeanlurcat.com\/site\/?p=503"},"modified":"2023-03-08T15:22:20","modified_gmt":"2023-03-08T15:22:20","slug":"egalite-filles-garcons","status":"publish","type":"post","link":"https:\/\/www.collegejeanlurcat.com\/site\/2023\/03\/08\/egalite-filles-garcons\/","title":{"rendered":"\u00c9galit\u00e9 filles-gar\u00e7ons"},"content":{"rendered":"\n<p>Un site ressource pour r\u00e9fl\u00e9chir sur l&rsquo;\u00e9galit\u00e9 des genres: <a rel=\"noreferrer noopener\" href=\"https:\/\/matilda.education\/\" target=\"_blank\">Matilda<\/a>*. <\/p>\n\n\n\n<p>Aujourd&rsquo;hui, 8 mars 2023, jour d\u00e9di\u00e9 sp\u00e9cifiquement \u00e0 la lutte pour les droits des femmes, voici par exemple cette vid\u00e9o extraite du site Matilda, qui d\u00e9crypte l&rsquo;enjeu de la cour de r\u00e9cr\u00e9ation.<\/p>\n\n\n\n<div class=\"wp-block-media-text alignwide is-stacked-on-mobile\"><figure class=\"wp-block-media-text__media\"><a href=\"https:\/\/matilda.education\/course\/view.php?id=109\" target=\"_blank\" rel=\"noreferrer noopener\"><img decoding=\"async\" src=\"https:\/\/matilda.education\/pluginfile.php\/723\/course\/overviewfiles\/cour_de%20recreation.jpg\" alt=\"\"\/><\/a><\/figure><div class=\"wp-block-media-text__content\">\n<p>\u00ab\u00a0Le positionnement dans la cour des filles et des gar\u00e7ons est-il de l&rsquo;ordre du \u00ab\u00a0hasard\u00a0\u00bb ?\u00a0\u00bb Travail men\u00e9 avec une classe de 5e du coll\u00e8ge \u00c9douard-Vaillant de Bordeaux (Gironde). Edith Maruejouls est g\u00e9ographe. Elle \u00ab\u00a0nous parle ici de comment la socialisation des filles et des gar\u00e7ons influe sur la fa\u00e7on dont elles\/ils occupent l&rsquo;espace et de comment les femmes et les hommes qu&rsquo;elles\/ils deviendront occuperont l&rsquo;espace \u00e0 leur tour. Il y a t-il \u00e9galit\u00e9 dans l&rsquo;espace public ? Rien de moins s\u00fbr !\u00a0\u00bb<\/p>\n\n\n\n<p>Source: site Matilda<\/p>\n<\/div><\/div>\n\n\n\n<p>* Matilda est une plateforme p\u00e9dagogique sur l&rsquo;\u00e9galit\u00e9 entre les sexes. Elle propose des vid\u00e9os tr\u00e8s vari\u00e9es, auxquelles on acc\u00e8de par discipline, ou par niveaux. Elles s&rsquo;accompagnent de ressources p\u00e9dagogiques. C&rsquo;est aussi un espace collaboratif pour les enseignants pour \u00e9changer des id\u00e9es, des questions, des productions&#8230;<\/p>\n","protected":false},"excerpt":{"rendered":"<p>Un site ressource pour r\u00e9fl\u00e9chir sur l&rsquo;\u00e9galit\u00e9 des genres: Matilda*. Aujourd&rsquo;hui, 8 mars 2023, jour d\u00e9di\u00e9 sp\u00e9cifiquement \u00e0 la lutte pour les droits des femmes, voici par exemple cette vid\u00e9o extraite du site Matilda, qui d\u00e9crypte l&rsquo;enjeu de la cour de r\u00e9cr\u00e9ation. \u00ab\u00a0Le positionnement dans la cour des filles et des gar\u00e7ons est-il de l&rsquo;ordre [&hellip;]<\/p>\n","protected":false},"author":1,"featured_media":0,"comment_status":"open","ping_status":"open","sticky":false,"template":"","format":"standard","meta":{"footnotes":""},"categories":[11],"tags":[49,48],"class_list":["post-503","post","type-post","status-publish","format-standard","hentry","category-parcours-citoyen","tag-droits-des-femmes","tag-egalite-filles-garcons"],"_links":{"self":[{"href":"https:\/\/www.collegejeanlurcat.com\/site\/wp-json\/wp\/v2\/posts\/503","targetHints":{"allow":["GET"]}}],"collection":[{"href":"https:\/\/www.collegejeanlurcat.com\/site\/wp-json\/wp\/v2\/posts"}],"about":[{"href":"https:\/\/www.collegejeanlurcat.com\/site\/wp-json\/wp\/v2\/types\/post"}],"author":[{"embeddable":true,"href":"https:\/\/www.collegejeanlurcat.com\/site\/wp-json\/wp\/v2\/users\/1"}],"replies":[{"embeddable":true,"href":"https:\/\/www.collegejeanlurcat.com\/site\/wp-json\/wp\/v2\/comments?post=503"}],"version-history":[{"count":3,"href":"https:\/\/www.collegejeanlurcat.com\/site\/wp-json\/wp\/v2\/posts\/503\/revisions"}],"predecessor-version":[{"id":507,"href":"https:\/\/www.collegejeanlurcat.com\/site\/wp-json\/wp\/v2\/posts\/503\/revisions\/507"}],"wp:attachment":[{"href":"https:\/\/www.collegejeanlurcat.com\/site\/wp-json\/wp\/v2\/media?parent=503"}],"wp:term":[{"taxonomy":"category","embeddable":true,"href":"https:\/\/www.collegejeanlurcat.com\/site\/wp-json\/wp\/v2\/categories?post=503"},{"taxonomy":"post_tag","embeddable":true,"href":"https:\/\/www.collegejeanlurcat.com\/site\/wp-json\/wp\/v2\/tags?post=503"}],"curies":[{"name":"wp","href":"https:\/\/api.w.org\/{rel}","templated":true}]}}