{"id":514,"date":"2023-03-17T16:00:20","date_gmt":"2023-03-17T16:00:20","guid":{"rendered":"https:\/\/www.collegejeanlurcat.com\/site\/?p=514"},"modified":"2023-03-17T17:37:51","modified_gmt":"2023-03-17T17:37:51","slug":"semaine-olympique-et-paralympique","status":"publish","type":"post","link":"https:\/\/www.collegejeanlurcat.com\/site\/2023\/03\/17\/semaine-olympique-et-paralympique\/","title":{"rendered":"Semaine olympique et paralympique"},"content":{"rendered":"\n<p>\u00c0 l&rsquo;occasion de la <a rel=\"noreferrer noopener\" href=\"https:\/\/generation.paris2024.org\/semaine-olympique-et-paralympique\" target=\"_blank\">semaine olympique et paralympique 2023<\/a>, du 3 au 8 avril, venez cr\u00e9er des affiches pr\u00e9sentant les sports des jeux olympiques!<\/p>\n\n\n\n<div style=\"position: relative; width: 100%; height: 0; padding-top: 75.0000%;\n padding-bottom: 0; box-shadow: 0 2px 8px 0 rgba(63,69,81,0.16); margin-top: 1.6em; margin-bottom: 0.9em; overflow: hidden;\n border-radius: 8px; will-change: transform;\">\n  <iframe loading=\"lazy\" style=\"position: absolute; width: 100%; height: 100%; top: 0; left: 0; border: none; padding: 0;margin: 0;\"\n    src=\"https:&#x2F;&#x2F;www.canva.com&#x2F;design&#x2F;DAFdcRsAzvg&#x2F;view?embed\" allowfullscreen=\"allowfullscreen\" allow=\"fullscreen\">\n  <\/iframe>\n<\/div>\n<a href=\"https:&#x2F;&#x2F;www.canva.com&#x2F;design&#x2F;DAFdcRsAzvg&#x2F;view?utm_content=DAFdcRsAzvg&amp;utm_campaign=designshare&amp;utm_medium=embeds&amp;utm_source=link\" target=\"_blank\" rel=\"noopener\">SOP<\/a> par CDI Jean-Lur\u00e7at\n\n\n\n<p>Vos affiches seront affich\u00e9es ensemble pour une grande exposition au coll\u00e8ge pendant la semaine olympique et paralympique.<\/p>\n","protected":false},"excerpt":{"rendered":"<p>\u00c0 l&rsquo;occasion de la semaine olympique et paralympique 2023, du 3 au 8 avril, venez cr\u00e9er des affiches pr\u00e9sentant les sports des jeux olympiques! SOP par CDI Jean-Lur\u00e7at Vos affiches seront affich\u00e9es ensemble pour une grande exposition au coll\u00e8ge pendant la semaine olympique et paralympique.<\/p>\n","protected":false},"author":1,"featured_media":0,"comment_status":"open","ping_status":"open","sticky":false,"template":"","format":"standard","meta":{"footnotes":""},"categories":[1,23,10,54],"tags":[56,55],"class_list":["post-514","post","type-post","status-publish","format-standard","hentry","category-cdi","category-eps","category-parcours-culturel","category-vie-de-letablissement","tag-affiche","tag-jo"],"_links":{"self":[{"href":"https:\/\/www.collegejeanlurcat.com\/site\/wp-json\/wp\/v2\/posts\/514","targetHints":{"allow":["GET"]}}],"collection":[{"href":"https:\/\/www.collegejeanlurcat.com\/site\/wp-json\/wp\/v2\/posts"}],"about":[{"href":"https:\/\/www.collegejeanlurcat.com\/site\/wp-json\/wp\/v2\/types\/post"}],"author":[{"embeddable":true,"href":"https:\/\/www.collegejeanlurcat.com\/site\/wp-json\/wp\/v2\/users\/1"}],"replies":[{"embeddable":true,"href":"https:\/\/www.collegejeanlurcat.com\/site\/wp-json\/wp\/v2\/comments?post=514"}],"version-history":[{"count":2,"href":"https:\/\/www.collegejeanlurcat.com\/site\/wp-json\/wp\/v2\/posts\/514\/revisions"}],"predecessor-version":[{"id":516,"href":"https:\/\/www.collegejeanlurcat.com\/site\/wp-json\/wp\/v2\/posts\/514\/revisions\/516"}],"wp:attachment":[{"href":"https:\/\/www.collegejeanlurcat.com\/site\/wp-json\/wp\/v2\/media?parent=514"}],"wp:term":[{"taxonomy":"category","embeddable":true,"href":"https:\/\/www.collegejeanlurcat.com\/site\/wp-json\/wp\/v2\/categories?post=514"},{"taxonomy":"post_tag","embeddable":true,"href":"https:\/\/www.collegejeanlurcat.com\/site\/wp-json\/wp\/v2\/tags?post=514"}],"curies":[{"name":"wp","href":"https:\/\/api.w.org\/{rel}","templated":true}]}}