{"id":518,"date":"2023-03-17T18:03:52","date_gmt":"2023-03-17T18:03:52","guid":{"rendered":"https:\/\/www.collegejeanlurcat.com\/site\/?p=518"},"modified":"2023-03-17T18:03:53","modified_gmt":"2023-03-17T18:03:53","slug":"forum-des-metiers-2023","status":"publish","type":"post","link":"https:\/\/www.collegejeanlurcat.com\/site\/2023\/03\/17\/forum-des-metiers-2023\/","title":{"rendered":"Forum des m\u00e9tiers 2023"},"content":{"rendered":"\n<p>Le coll\u00e8ge organise son forum des m\u00e9tiers samedi 25 mars de 9h \u00e0 12h.  <\/p>\n\n\n\n<p>Chaque \u00e9l\u00e8ve de troisi\u00e8me pourra discuter avec les intervenants, et prendre des renseignements sur les formations et les m\u00e9tiers; dialoguer directement avec les professionnels pour \u00e9largir son horizon de formation, ou approfondir ses choix d&rsquo;orientation. <\/p>\n\n\n\n<div data-wp-interactive=\"core\/file\" class=\"wp-block-file\"><object data-wp-bind--hidden=\"!state.hasPdfPreview\" hidden class=\"wp-block-file__embed\" data=\"https:\/\/www.collegejeanlurcat.com\/site\/wp-content\/uploads\/2023\/03\/forum-des-metiers-2023.pdf\" type=\"application\/pdf\" style=\"width:100%;height:600px\" aria-label=\"Contenu embarqu\u00e9 forum-des-metiers-2023.\"><\/object><a id=\"wp-block-file--media-b47a9b7b-2548-4186-9499-d214ef8a16c2\" href=\"https:\/\/www.collegejeanlurcat.com\/site\/wp-content\/uploads\/2023\/03\/forum-des-metiers-2023.pdf\">forum-des-metiers-2023<\/a><a href=\"https:\/\/www.collegejeanlurcat.com\/site\/wp-content\/uploads\/2023\/03\/forum-des-metiers-2023.pdf\" class=\"wp-block-file__button wp-element-button\" download aria-describedby=\"wp-block-file--media-b47a9b7b-2548-4186-9499-d214ef8a16c2\">T\u00e9l\u00e9charger<\/a><\/div>\n","protected":false},"excerpt":{"rendered":"<p>Le coll\u00e8ge organise son forum des m\u00e9tiers samedi 25 mars de 9h \u00e0 12h. Chaque \u00e9l\u00e8ve de troisi\u00e8me pourra discuter avec les intervenants, et prendre des renseignements sur les formations et les m\u00e9tiers; dialoguer directement avec les professionnels pour \u00e9largir son horizon de formation, ou approfondir ses choix d&rsquo;orientation.<\/p>\n","protected":false},"author":1,"featured_media":0,"comment_status":"open","ping_status":"open","sticky":false,"template":"","format":"standard","meta":{"footnotes":""},"categories":[12,54],"tags":[32,57],"class_list":["post-518","post","type-post","status-publish","format-standard","hentry","category-parcours-avenir","category-vie-de-letablissement","tag-forum-des-metiers","tag-orientation"],"_links":{"self":[{"href":"https:\/\/www.collegejeanlurcat.com\/site\/wp-json\/wp\/v2\/posts\/518","targetHints":{"allow":["GET"]}}],"collection":[{"href":"https:\/\/www.collegejeanlurcat.com\/site\/wp-json\/wp\/v2\/posts"}],"about":[{"href":"https:\/\/www.collegejeanlurcat.com\/site\/wp-json\/wp\/v2\/types\/post"}],"author":[{"embeddable":true,"href":"https:\/\/www.collegejeanlurcat.com\/site\/wp-json\/wp\/v2\/users\/1"}],"replies":[{"embeddable":true,"href":"https:\/\/www.collegejeanlurcat.com\/site\/wp-json\/wp\/v2\/comments?post=518"}],"version-history":[{"count":2,"href":"https:\/\/www.collegejeanlurcat.com\/site\/wp-json\/wp\/v2\/posts\/518\/revisions"}],"predecessor-version":[{"id":522,"href":"https:\/\/www.collegejeanlurcat.com\/site\/wp-json\/wp\/v2\/posts\/518\/revisions\/522"}],"wp:attachment":[{"href":"https:\/\/www.collegejeanlurcat.com\/site\/wp-json\/wp\/v2\/media?parent=518"}],"wp:term":[{"taxonomy":"category","embeddable":true,"href":"https:\/\/www.collegejeanlurcat.com\/site\/wp-json\/wp\/v2\/categories?post=518"},{"taxonomy":"post_tag","embeddable":true,"href":"https:\/\/www.collegejeanlurcat.com\/site\/wp-json\/wp\/v2\/tags?post=518"}],"curies":[{"name":"wp","href":"https:\/\/api.w.org\/{rel}","templated":true}]}}