{"id":565,"date":"2023-05-11T06:37:02","date_gmt":"2023-05-11T06:37:02","guid":{"rendered":"https:\/\/www.collegejeanlurcat.com\/site\/?p=565"},"modified":"2023-05-11T06:37:02","modified_gmt":"2023-05-11T06:37:02","slug":"kiffe-ta-voie","status":"publish","type":"post","link":"https:\/\/www.collegejeanlurcat.com\/site\/2023\/05\/11\/kiffe-ta-voie\/","title":{"rendered":"Kiffe ta voie"},"content":{"rendered":"\n<figure class=\"wp-block-image size-large\"><img decoding=\"async\" src=\"https:\/\/www.canva.com\/design\/DAFill5cIYw\/view\" alt=\"\"\/><\/figure>\n\n\n\n<p>C&rsquo;est la p\u00e9riode des choix d&rsquo;orientation pour les 3e: apr\u00e8s avoir valid\u00e9 leur choix, en accord avec le conseil de classe, sur la voie professionnelle ou g\u00e9n\u00e9rale et technologique, ils doivent maintenant choisir les lyc\u00e9es dans lesquels ils veulent poursuivre leurs \u00e9tudes en seconde. <\/p>\n\n\n\n<p>Le service d&rsquo;orientation de l&rsquo;acad\u00e9mie de Cr\u00e9teil propose ces vid\u00e9os t\u00e9moignages qui peuvent vous aider, \u00e9l\u00e8ves de 3e, \u00e0 vous d\u00e9cider:<\/p>\n\n\n\n<ul class=\"wp-block-list\">\n<li>sur insta: <a href=\"https:\/\/www.instagram.com\/orientationcreteil\/\" target=\"_blank\" rel=\"noreferrer noopener\">@orientationcreteil<\/a><\/li>\n\n\n\n<li>sur youyube: <a rel=\"noreferrer noopener\" href=\"https:\/\/www.youtube.com\/@orientationcreteil1088\/featured\" target=\"_blank\">@orientationcreteil<\/a><\/li>\n<\/ul>\n\n\n\n<div style=\"position: relative; width: 100%; height: 0; padding-top: 83.8298%;\n padding-bottom: 0; box-shadow: 0 2px 8px 0 rgba(63,69,81,0.16); margin-top: 1.6em; margin-bottom: 0.9em; overflow: hidden;\n border-radius: 8px; will-change: transform;\">\n  <iframe loading=\"lazy\" style=\"position: absolute; width: 100%; height: 100%; top: 0; left: 0; border: none; padding: 0;margin: 0;\"\n    src=\"https:&#x2F;&#x2F;www.canva.com&#x2F;design&#x2F;DAFill5cIYw&#x2F;view?embed\" allowfullscreen=\"allowfullscreen\" allow=\"fullscreen\">\n  <\/iframe>\n<\/div>\n<a href=\"https:&#x2F;&#x2F;www.canva.com&#x2F;design&#x2F;DAFill5cIYw&#x2F;view?utm_content=DAFill5cIYw&amp;utm_campaign=designshare&amp;utm_medium=embeds&amp;utm_source=link\" target=\"_blank\" rel=\"noopener\">Design<\/a> par CDI Jean-Lur\u00e7at\n","protected":false},"excerpt":{"rendered":"<p>C&rsquo;est la p\u00e9riode des choix d&rsquo;orientation pour les 3e: apr\u00e8s avoir valid\u00e9 leur choix, en accord avec le conseil de classe, sur la voie professionnelle ou g\u00e9n\u00e9rale et technologique, ils doivent maintenant choisir les lyc\u00e9es dans lesquels ils veulent poursuivre leurs \u00e9tudes en seconde. Le service d&rsquo;orientation de l&rsquo;acad\u00e9mie de Cr\u00e9teil propose ces vid\u00e9os t\u00e9moignages [&hellip;]<\/p>\n","protected":false},"author":1,"featured_media":0,"comment_status":"open","ping_status":"open","sticky":false,"template":"","format":"standard","meta":{"footnotes":""},"categories":[12,54],"tags":[57],"class_list":["post-565","post","type-post","status-publish","format-standard","hentry","category-parcours-avenir","category-vie-de-letablissement","tag-orientation"],"_links":{"self":[{"href":"https:\/\/www.collegejeanlurcat.com\/site\/wp-json\/wp\/v2\/posts\/565","targetHints":{"allow":["GET"]}}],"collection":[{"href":"https:\/\/www.collegejeanlurcat.com\/site\/wp-json\/wp\/v2\/posts"}],"about":[{"href":"https:\/\/www.collegejeanlurcat.com\/site\/wp-json\/wp\/v2\/types\/post"}],"author":[{"embeddable":true,"href":"https:\/\/www.collegejeanlurcat.com\/site\/wp-json\/wp\/v2\/users\/1"}],"replies":[{"embeddable":true,"href":"https:\/\/www.collegejeanlurcat.com\/site\/wp-json\/wp\/v2\/comments?post=565"}],"version-history":[{"count":4,"href":"https:\/\/www.collegejeanlurcat.com\/site\/wp-json\/wp\/v2\/posts\/565\/revisions"}],"predecessor-version":[{"id":569,"href":"https:\/\/www.collegejeanlurcat.com\/site\/wp-json\/wp\/v2\/posts\/565\/revisions\/569"}],"wp:attachment":[{"href":"https:\/\/www.collegejeanlurcat.com\/site\/wp-json\/wp\/v2\/media?parent=565"}],"wp:term":[{"taxonomy":"category","embeddable":true,"href":"https:\/\/www.collegejeanlurcat.com\/site\/wp-json\/wp\/v2\/categories?post=565"},{"taxonomy":"post_tag","embeddable":true,"href":"https:\/\/www.collegejeanlurcat.com\/site\/wp-json\/wp\/v2\/tags?post=565"}],"curies":[{"name":"wp","href":"https:\/\/api.w.org\/{rel}","templated":true}]}}