{"id":575,"date":"2023-05-14T14:07:12","date_gmt":"2023-05-14T14:07:12","guid":{"rendered":"https:\/\/www.collegejeanlurcat.com\/site\/?p=575"},"modified":"2023-05-14T14:07:12","modified_gmt":"2023-05-14T14:07:12","slug":"oral-n2-dnb-blanc-sur-les-parcours-educatifs","status":"publish","type":"post","link":"https:\/\/www.collegejeanlurcat.com\/site\/2023\/05\/14\/oral-n2-dnb-blanc-sur-les-parcours-educatifs\/","title":{"rendered":"Oral n\u00b02 &#8211; DNB blanc sur les parcours \u00e9ducatifs"},"content":{"rendered":"\n<figure class=\"wp-block-image aligncenter size-medium\"><img loading=\"lazy\" decoding=\"async\" width=\"300\" height=\"193\" src=\"https:\/\/www.collegejeanlurcat.com\/site\/wp-content\/uploads\/2023\/05\/Parcours-educatifs-oral-300x193.png\" alt=\"\" class=\"wp-image-589\" srcset=\"https:\/\/www.collegejeanlurcat.com\/site\/wp-content\/uploads\/2023\/05\/Parcours-educatifs-oral-300x193.png 300w, https:\/\/www.collegejeanlurcat.com\/site\/wp-content\/uploads\/2023\/05\/Parcours-educatifs-oral.png 739w\" sizes=\"auto, (max-width: 300px) 100vw, 300px\" \/><\/figure>\n\n\n\n<p>Le deuxi\u00e8me oral blanc des 3\u00e8mes se tiendra le<strong> lundi 22 mai 2023<\/strong>.<\/p>\n\n\n\n<p>Durant cette journ\u00e9e les classes de <strong>6\u00e8me, 5\u00e8me et 4\u00e8me<\/strong> n&rsquo;auront pas cours.<\/p>\n\n\n\n<p>Les parcours sont une acquisition progressive de comp\u00e9tences au fil des ann\u00e9es coll\u00e8ge.<\/p>\n\n\n\n<p>Il existe quatre parcours \u00e9ducatifs :<\/p>\n\n\n\n<ul class=\"wp-block-list\">\n<li><strong>Sant\u00e9 <\/strong>: pr\u00e9venir les conduites \u00e0 risque, dispositif de pr\u00e9vention de la sant\u00e9&nbsp;;<\/li>\n\n\n\n<li><strong>Citoyen <\/strong>: acqu\u00e9rir un esprit critique et une culture de l\u2019engagement (d\u00e9l\u00e9gu\u00e9, visite du s\u00e9nat)&nbsp;;<\/li>\n\n\n\n<li><strong>\u00c9ducation <\/strong>artistique et culturelle (atelier th\u00e9\u00e2tre, visites de mus\u00e9e)&nbsp;;<\/li>\n\n\n\n<li><strong>Avenir <\/strong>: aider l\u2019\u00e9l\u00e8ve \u00e0 \u00e9laborer son orientation (stages). <strong>Ce choix est r\u00e9serv\u00e9 exclusivement aux \u00e9l\u00e8ves de 3<sup>\u00e8me<\/sup> Segpa.<\/strong><\/li>\n<\/ul>\n\n\n\n<h2 class=\"wp-block-heading\">D\u00e9roulement l\u2019oral blanc<\/h2>\n\n\n\n<h3 class=\"wp-block-heading\">1. Votre expos\u00e9 : 5 minutes \u2013 par \u00e9l\u00e8ve, si pr\u00e9sentation en groupe.<\/h3>\n\n\n\n<ul class=\"wp-block-list\">\n<li>Vous expliquez l\u2019<strong>objectif<\/strong> du parcours ;<\/li>\n\n\n\n<li>Vous d\u00e9crivez <strong>les \u00e9tapes<\/strong> du parcours ;<\/li>\n\n\n\n<li>Puis vous exposez les <strong>b\u00e9n\u00e9fices et connaissances <\/strong>apport\u00e9s par votre projet.<\/li>\n<\/ul>\n\n\n\n<h3 class=\"wp-block-heading\">2. Votre entretien avec le jury (10 minutes)<\/h3>\n\n\n\n<p>Le jury va vous demander d\u2019<strong>\u00e9claircir<\/strong> ou <strong>approfondir<\/strong> quelques points.<\/p>\n\n\n\n<p>La discussion peut s\u2019ouvrir sur d\u2019autres projets que vous avez r\u00e9alis\u00e9s.<\/p>\n\n\n\n<p>Pour r\u00e9sum\u00e9, l&rsquo;oral du brevet est une \u00e9tape importante. Il constitue une exp\u00e9rience de prise de parole dans un contexte d\u2019examen (pr\u00e9paration et pr\u00e9sentation de projet, discussion argument\u00e9e).<\/p>\n\n\n\n<p>2. Grille d&rsquo;\u00e9valuation de l&rsquo;oral<\/p>\n\n\n\n<div data-wp-interactive=\"core\/file\" class=\"wp-block-file\"><object data-wp-bind--hidden=\"!state.hasPdfPreview\" hidden class=\"wp-block-file__embed\" data=\"https:\/\/www.collegejeanlurcat.com\/site\/wp-content\/uploads\/2023\/05\/grille-devaluation-soutenance-2023-v2.pdf\" type=\"application\/pdf\" style=\"width:100%;height:600px\" aria-label=\"Contenu embarqu\u00e9 grille-devaluation-soutenance-2023-v2.\"><\/object><a id=\"wp-block-file--media-bfd718d4-a81d-40de-9954-acd37b539391\" href=\"https:\/\/www.collegejeanlurcat.com\/site\/wp-content\/uploads\/2023\/05\/grille-devaluation-soutenance-2023-v2.pdf\">grille-devaluation-soutenance-2023-v2<\/a><a href=\"https:\/\/www.collegejeanlurcat.com\/site\/wp-content\/uploads\/2023\/05\/grille-devaluation-soutenance-2023-v2.pdf\" class=\"wp-block-file__button wp-element-button\" download aria-describedby=\"wp-block-file--media-bfd718d4-a81d-40de-9954-acd37b539391\">T\u00e9l\u00e9charger<\/a><\/div>\n\n\n\n<p>Voici deux ressources vid\u00e9os sur lesquelles vous pouvez vous appuyer dans la pr\u00e9paration de l&rsquo;oral.<\/p>\n\n\n\n<p>1 &#8211; <strong>Epreuve <\/strong>:<br><a href=\"https:\/\/ladigitale.dev\/digiview\/#\/v\/6460c3a10c29d\" target=\"_blank\" rel=\"noreferrer noopener\">https:\/\/ladigitale.dev\/digiview\/#\/v\/6460c3a10c29d<\/a><\/p>\n\n\n\n<p>2 &#8211; <strong>Le support num\u00e9rique<\/strong><br><a href=\"https:\/\/ladigitale.dev\/digiview\/#\/v\/6460c3cb46601\" target=\"_blank\" rel=\"noreferrer noopener\">https:\/\/ladigitale.dev\/digiview\/#\/v\/6460c3cb46601<\/a><\/p>\n\n\n\n<p>Bonne pr\u00e9sentation.<\/p>\n\n\n\n<figure class=\"wp-block-image aligncenter size-full\"><img loading=\"lazy\" decoding=\"async\" width=\"466\" height=\"383\" src=\"https:\/\/www.collegejeanlurcat.com\/site\/wp-content\/uploads\/2023\/05\/oral-brevet.png\" alt=\"\" class=\"wp-image-593\" srcset=\"https:\/\/www.collegejeanlurcat.com\/site\/wp-content\/uploads\/2023\/05\/oral-brevet.png 466w, https:\/\/www.collegejeanlurcat.com\/site\/wp-content\/uploads\/2023\/05\/oral-brevet-300x247.png 300w\" sizes=\"auto, (max-width: 466px) 100vw, 466px\" \/><\/figure>\n","protected":false},"excerpt":{"rendered":"<p>Le deuxi\u00e8me oral blanc des 3\u00e8mes se tiendra le lundi 22 mai 2023. Durant cette journ\u00e9e les classes de 6\u00e8me, 5\u00e8me et 4\u00e8me n&rsquo;auront pas cours. Les parcours sont une acquisition progressive de comp\u00e9tences au fil des ann\u00e9es coll\u00e8ge. Il existe quatre parcours \u00e9ducatifs : D\u00e9roulement l\u2019oral blanc 1. Votre expos\u00e9 : 5 minutes \u2013 [&hellip;]<\/p>\n","protected":false},"author":1,"featured_media":0,"comment_status":"open","ping_status":"open","sticky":false,"template":"","format":"standard","meta":{"footnotes":""},"categories":[12,11,10,13],"tags":[],"class_list":["post-575","post","type-post","status-publish","format-standard","hentry","category-parcours-avenir","category-parcours-citoyen","category-parcours-culturel","category-parcours-educatif-de-sante"],"_links":{"self":[{"href":"https:\/\/www.collegejeanlurcat.com\/site\/wp-json\/wp\/v2\/posts\/575","targetHints":{"allow":["GET"]}}],"collection":[{"href":"https:\/\/www.collegejeanlurcat.com\/site\/wp-json\/wp\/v2\/posts"}],"about":[{"href":"https:\/\/www.collegejeanlurcat.com\/site\/wp-json\/wp\/v2\/types\/post"}],"author":[{"embeddable":true,"href":"https:\/\/www.collegejeanlurcat.com\/site\/wp-json\/wp\/v2\/users\/1"}],"replies":[{"embeddable":true,"href":"https:\/\/www.collegejeanlurcat.com\/site\/wp-json\/wp\/v2\/comments?post=575"}],"version-history":[{"count":14,"href":"https:\/\/www.collegejeanlurcat.com\/site\/wp-json\/wp\/v2\/posts\/575\/revisions"}],"predecessor-version":[{"id":600,"href":"https:\/\/www.collegejeanlurcat.com\/site\/wp-json\/wp\/v2\/posts\/575\/revisions\/600"}],"wp:attachment":[{"href":"https:\/\/www.collegejeanlurcat.com\/site\/wp-json\/wp\/v2\/media?parent=575"}],"wp:term":[{"taxonomy":"category","embeddable":true,"href":"https:\/\/www.collegejeanlurcat.com\/site\/wp-json\/wp\/v2\/categories?post=575"},{"taxonomy":"post_tag","embeddable":true,"href":"https:\/\/www.collegejeanlurcat.com\/site\/wp-json\/wp\/v2\/tags?post=575"}],"curies":[{"name":"wp","href":"https:\/\/api.w.org\/{rel}","templated":true}]}}