{"id":793,"date":"2023-11-03T16:40:11","date_gmt":"2023-11-03T16:40:11","guid":{"rendered":"https:\/\/www.collegejeanlurcat.com\/site\/?p=793"},"modified":"2023-11-04T10:16:25","modified_gmt":"2023-11-04T10:16:25","slug":"partenariat-2022-23-college-j-l-v-et-le-jeu-de-paume-de-paris","status":"publish","type":"post","link":"https:\/\/www.collegejeanlurcat.com\/site\/2023\/11\/03\/partenariat-2022-23-college-j-l-v-et-le-jeu-de-paume-de-paris\/","title":{"rendered":"Partenariat 2022-23 \/ Coll\u00e8ge J.L.V. et le Jeu de Paume de Paris"},"content":{"rendered":"\n<p>Le Jeu de Paume &#8211; une institution culturelle consacr\u00e9e \u00e0 l&rsquo;exposition de l&rsquo;image photographique et la cr\u00e9ation artistique actuelle<\/p>\n\n\n\n<p class=\"has-white-color has-light-green-cyan-background-color has-text-color has-background\"><strong>PARTENARIAT \/ Coll\u00e8ge Jean Lur\u00e7at de Villejuif &#8211; Jeu de Paume de Paris<\/strong> ( au Jardin des Tuileries )<br><strong>Th\u00e8me \/<\/strong> Parcours annuel 2022-2023 &#8211; <em><strong>\u00ab\u00a0histoire et actualit\u00e9 des images\u00a0\u00bb<\/strong><\/em><br><strong>Public \/<\/strong> Classe des 3B<br><strong>Professeurs associ\u00e9s \/<\/strong> M. Colmont &#8211; professeur d&rsquo;arts plastiques &amp; Mme Diaz &#8211; professeure documentaliste.<\/p>\n\n\n\n<p><strong>Pr\u00e9sentation\/<\/strong> Ce parcours, con\u00e7u \u00e0 partir de la programmation du Jeu de Paume, envisage l&rsquo;image dans une perspective interdisciplinaire et transversale. Il se caract\u00e9rise par la r\u00e9gularit\u00e9 des rencontres entre une classe enti\u00e8re d&rsquo;\u00e9l\u00e8ves de 3e ET une conf\u00e9renci\u00e8re d\u00e9di\u00e9e du JdP &#8211; venant sp\u00e9cialement au coll\u00e8ge pour pr\u00e9senter les oeuvres et interagir avec les \u00e9l\u00e8ves et, de plus, les accompagnant dans cette institution culturelle de Paris tout au long de l&rsquo;ann\u00e9e. Ainsi, allers-retours entre notre \u00e9tablissement public local d&rsquo;enseignement (E.P.L.E.) et les expositions initi\u00e9es par le Jeu de Paume de Paris favoriseront la cr\u00e9ation d&rsquo;une familiarit\u00e9 entre les \u00e9l\u00e8ves et le monde de l&rsquo;art permettant \u00e0 chacun de s&rsquo;approprier une culture vivante et qui &#8211; \u00e0 tort &#8211; n&rsquo;est pas toujours jug\u00e9e accessible \u00e0 tous de prime abord.<\/p>\n\n\n\n<p class=\"has-white-color has-luminous-vivid-orange-background-color has-text-color has-background\"><strong>Voici la programmation cette ann\u00e9e 2022-2023: <\/strong><\/p>\n\n\n\n<p><\/p>\n\n\n\n<h1 class=\"wp-block-heading has-luminous-vivid-orange-color has-text-color has-medium-font-size\">1\/<strong> \u00ab&nbsp;RENVERSER SES YEUX&nbsp;\u00bb<\/strong> &#8211; Autour du mouvement artistique essentiellement italien de l&rsquo;arte povera 1960 &#8211; 1975 : photographie, film, vid\u00e9o<\/h1>\n\n\n\n<h1 class=\"wp-block-heading has-luminous-vivid-orange-color has-text-color has-medium-font-size\"> &#8211; <em>(Du 11 octobre 2022 au 29 janvier 2023)<\/em><\/h1>\n\n\n\n<p><\/p>\n\n\n\n<h2 class=\"wp-block-heading has-luminous-vivid-orange-color has-text-color has-medium-font-size\">2\/ <strong>THOMAS DEMAND<\/strong> &#8211; \u00ab\u00a0Le b\u00e9gaiement de l&rsquo;histoire\u00a0\u00bb <\/h2>\n\n\n\n<h2 class=\"wp-block-heading has-luminous-vivid-orange-color has-text-color has-medium-font-size\">&#8211; <em>(Du 14 f\u00e9vrier au 28 mai 2023)<\/em><\/h2>\n\n\n\n<p><\/p>\n\n\n\n<p class=\"has-white-color has-light-green-cyan-background-color has-text-color has-background\"><em><strong>Objectifs p\u00e9dagogiques<strong><em> \/ Travailler l&rsquo;acquisition <em><strong>de comp\u00e9tences<\/strong><\/em> attendues en fin de cycle 4:<\/em><\/strong><\/strong><\/em><\/p>\n\n\n\n<p><\/p>\n\n\n\n<ul class=\"wp-block-list\">\n<li>Fr\u00e9quenter r\u00e9guli\u00e8rement un centre d&rsquo;art, devenir un spectateur actif<\/li>\n\n\n\n<li>Interroger les pratiques des images dans l&rsquo;art et la soci\u00e9t\u00e9<\/li>\n\n\n\n<li>D\u00e9velopper l&rsquo;exercice du regard, le langage et l&rsquo;argumentation<\/li>\n\n\n\n<li>Mettre en relation diff\u00e9rents domaines de connaissances<\/li>\n\n\n\n<li>Pratiquer la m\u00e9diation des oeuvres, se questionner sur le medium\/les m\u00e9dias &#8211; y compris par la pratique plastique et artistique.<\/li>\n<\/ul>\n\n\n\n<p class=\"has-white-color has-light-green-cyan-background-color has-text-color has-background\"><strong><em>Vis\u00e9es p\u00e9dagogiques en lien avec les Parcours et l&rsquo;examen du Brevet:<\/em><\/strong><\/p>\n\n\n\n<p><\/p>\n\n\n\n<ul class=\"wp-block-list\">\n<li>Contribuer \u00e0 la construction du <strong>P.E.A.C<\/strong>. de chaque \u00e9l\u00e8ve ( <strong>Parcours d&rsquo;Enseignement Artistique et Culturel<\/strong>)<\/li>\n\n\n\n<li>Pr\u00e9parer l&rsquo;\u00e9preuve orale du <strong>D.N.B.<\/strong> ( Dipl\u00f4me National du Brevet)<\/li>\n\n\n\n<li>Elargir ses connaissances en mati\u00e8re d&rsquo;<strong>ORIENTATION<\/strong> (lien \u00e0 faire avec le <strong>Parcours Avenir<\/strong>) \/ M\u00e9tier des arts (Conf\u00e9rencier, artiste, commissaire d&rsquo;exposition, charg\u00e9 de communication num\u00e9rique d&rsquo;une institution artistique et culturelle, etc.)<\/li>\n<\/ul>\n","protected":false},"excerpt":{"rendered":"<p>PARTENARIAT \/ Coll\u00e8ge Jean Lur\u00e7at &#8211; Jeu de Paume de Paris ( sis dans le Jardin des Tuileries &#8211; 1, Place de la Concorde \u00e0 Paris)<br \/>\nTh\u00e8me \/ Parcours annuel 2022-2023<br \/>\n\u00a0\u00bb histoire et actualit\u00e9 des images\u00a0\u00bb<br \/>\nPublic \/ Classe de 3eB<br \/>\nProfesseurs associ\u00e9s \/ M. Colmont &#8211; professeur d&rsquo;arts plastiques et Mme Diaz &#8211; professeure documentaliste<\/p>\n<p>Ce parcours, con\u00e7u \u00e0 partir de la programmation du Jeu de Paume, envisage l&rsquo;image dans une perspective interdisciplinaire et transversale. Il se caract\u00e9rise par la r\u00e9gularit\u00e9 des rencontres entre une conf\u00e9renci\u00e8re venant au coll\u00e8ge et accompagnant les \u00e9l\u00e8ves \u00e0 Paris et une classe d&rsquo;\u00e9l\u00e8ves de 3e tout au long de l&rsquo;ann\u00e9e, ainsi que par des allers-retours entre notre \u00e9tablissement scolaire le expositions initi\u00e9es par le Jeu de Paume de Paris. <\/p>\n<p>Objectifs p\u00e9dagogiques et comp\u00e9tences vis\u00e9es:<br \/>\n&#8211; Fr\u00e9quenter r\u00e9guli\u00e8rement un centre d&rsquo;art, devenir un spectateur actif<br \/>\n&#8211; Interroger les pratiques des images dans l&rsquo;art et la soci\u00e9t\u00e9<br \/>\n&#8211; D\u00e9velopper l&rsquo;exercice du regard, le langage et l&rsquo;argumentation<br \/>\n&#8211; Mettre en relation diff\u00e9rents domaines de connaissances<br \/>\n&#8211; Pratiquer la m\u00e9diation des oeuvres, se questionner sur le medium\/les m\u00e9dias &#8211; y compris de fa\u00e7on plastique et artistique.<\/p>\n<p>Vis\u00e9es p\u00e9dagogiques en lien avec les attentes des programmes du cycle 4:<br \/>\n&#8211; Contribuer \u00e0 la construction de son P.E.A.C. ( Parcours d&rsquo;Enseignement Artistique et Culturel)<br \/>\n&#8211; Pr\u00e9parer les \u00e9l\u00e8ves \u00e0 l&rsquo;\u00e9preuve orale du D.N.B. ( Dipl\u00f4me National du Brevet)<br \/>\n&#8211; Elargir des connaissances en mati\u00e8re d&rsquo;ORIENTATION (lien \u00e0 faire avec le Parcours Avenir) \/ M\u00e9tier des arts (Conf\u00e9rencier, artiste, commissaire d&rsquo;exposition, charg\u00e9 de communication num\u00e9rique, etc.)<\/p>\n","protected":false},"author":6,"featured_media":795,"comment_status":"open","ping_status":"open","sticky":false,"template":"","format":"standard","meta":{"footnotes":""},"categories":[43,10,19],"tags":[77,78,79,81,80],"class_list":["post-793","post","type-post","status-publish","format-standard","has-post-thumbnail","hentry","category-arts-plastiques","category-parcours-culturel","category-production-deleves","tag-art","tag-culture","tag-dnb","tag-parcours","tag-peac"],"_links":{"self":[{"href":"https:\/\/www.collegejeanlurcat.com\/site\/wp-json\/wp\/v2\/posts\/793","targetHints":{"allow":["GET"]}}],"collection":[{"href":"https:\/\/www.collegejeanlurcat.com\/site\/wp-json\/wp\/v2\/posts"}],"about":[{"href":"https:\/\/www.collegejeanlurcat.com\/site\/wp-json\/wp\/v2\/types\/post"}],"author":[{"embeddable":true,"href":"https:\/\/www.collegejeanlurcat.com\/site\/wp-json\/wp\/v2\/users\/6"}],"replies":[{"embeddable":true,"href":"https:\/\/www.collegejeanlurcat.com\/site\/wp-json\/wp\/v2\/comments?post=793"}],"version-history":[{"count":8,"href":"https:\/\/www.collegejeanlurcat.com\/site\/wp-json\/wp\/v2\/posts\/793\/revisions"}],"predecessor-version":[{"id":846,"href":"https:\/\/www.collegejeanlurcat.com\/site\/wp-json\/wp\/v2\/posts\/793\/revisions\/846"}],"wp:featuredmedia":[{"embeddable":true,"href":"https:\/\/www.collegejeanlurcat.com\/site\/wp-json\/wp\/v2\/media\/795"}],"wp:attachment":[{"href":"https:\/\/www.collegejeanlurcat.com\/site\/wp-json\/wp\/v2\/media?parent=793"}],"wp:term":[{"taxonomy":"category","embeddable":true,"href":"https:\/\/www.collegejeanlurcat.com\/site\/wp-json\/wp\/v2\/categories?post=793"},{"taxonomy":"post_tag","embeddable":true,"href":"https:\/\/www.collegejeanlurcat.com\/site\/wp-json\/wp\/v2\/tags?post=793"}],"curies":[{"name":"wp","href":"https:\/\/api.w.org\/{rel}","templated":true}]}}