{"id":803,"date":"2023-11-03T17:47:01","date_gmt":"2023-11-03T17:47:01","guid":{"rendered":"https:\/\/www.collegejeanlurcat.com\/site\/?p=803"},"modified":"2023-11-04T16:30:46","modified_gmt":"2023-11-04T16:30:46","slug":"partenariat-2022-23-j-l-v-j-d-paume-quelques-productions-deleves-1-2","status":"publish","type":"post","link":"https:\/\/www.collegejeanlurcat.com\/site\/2023\/11\/03\/partenariat-2022-23-j-l-v-j-d-paume-quelques-productions-deleves-1-2\/","title":{"rendered":"Partenariat 2022-23 \/  J.L.V. &#8211; J.d.Paume : Quelques productions d&rsquo;\u00e9l\u00e8ves&#8230; 1\/3"},"content":{"rendered":"\n<p><\/p>\n\n\n\n<div class=\"wp-block-group is-vertical is-layout-flex wp-container-core-group-is-layout-d6b9ab57 wp-block-group-is-layout-flex\">\n<figure class=\"wp-block-pullquote has-text-color\" style=\"color:#077e5a\"><blockquote><p><em><strong><u>Probl\u00e9matique<\/u><\/strong><\/em> (<em><strong>donn\u00e9e en classe): <\/strong><\/em><br><em><strong>Comment convoquer mat\u00e9riellement une \u0153uvre importante de l\u2019exposition \u00abL\u2019Arte Povera\u00bb en classe avec les moyens \u00e0 disposition?<\/strong><\/em><\/p><\/blockquote><\/figure>\n<\/div>\n\n\n\n<figure class=\"wp-block-embed aligncenter is-type-rich is-provider-prise-en-charge-des-contenus-embarques wp-block-embed-prise-en-charge-des-contenus-embarques\" style=\"margin-top:135px;margin-right:var(--wp--preset--spacing--80);margin-bottom:135px;margin-left:var(--wp--preset--spacing--80)\"><div class=\"wp-block-embed__wrapper\">\n<div style=\"width: 640px;\" class=\"wp-video\"><video class=\"wp-video-shortcode\" id=\"video-803-1\" width=\"640\" height=\"360\" preload=\"metadata\" controls=\"controls\"><source type=\"video\/mp4\" src=\"https:\/\/www.collegejeanlurcat.com\/site\/wp-content\/uploads\/2023\/11\/3B.Dapres-JdP.-Julie-et-Sophia.mp4?_=1\" \/><a href=\"https:\/\/www.collegejeanlurcat.com\/site\/wp-content\/uploads\/2023\/11\/3B.Dapres-JdP.-Julie-et-Sophia.mp4\">https:\/\/www.collegejeanlurcat.com\/site\/wp-content\/uploads\/2023\/11\/3B.Dapres-JdP.-Julie-et-Sophia.mp4<\/a><\/video><\/div>\n<\/div><\/figure>\n\n\n\n<blockquote class=\"wp-block-quote is-layout-flow wp-block-quote-is-layout-flow\">\n<p><strong>Ci-dessus<\/strong>\/ Vid\u00e9o r\u00e9alis\u00e9e par Sophia et Julie &#8211; 2023. Copyright Coll\u00e8ge Jean Lur\u00e7at de Villejuif <\/p>\n<\/blockquote>\n\n\n\n<p>                       <\/p>\n\n\n\n<div class=\"wp-block-group is-layout-constrained wp-block-group-is-layout-constrained\" style=\"margin-top:var(--wp--preset--spacing--40);margin-bottom:var(--wp--preset--spacing--40)\">\n<p>\u00ab\u00a0<em>Ma camarade Sophia et moi, nous sommes deux coll\u00e9giennes de 3e au coll\u00e8ge Jean Lur\u00e7at de Villejuif. Lors de notre premi\u00e8re visite de l\u2019exposition au Jeu de Paume <\/em><\/p>\n\n\n\n<p class=\"has-text-align-center\"><a href=\"https:\/\/jeudepaume.org\/evenement\/exposition-renverser-ses-yeux\/\" data-type=\"link\" data-id=\"https:\/\/jeudepaume.org\/evenement\/exposition-renverser-ses-yeux\/\">https:\/\/jeudepaume.org\/evenement\/exposition-renverser-ses-yeux\/<\/a><\/p>\n\n\n\n<p><em>nous avons vu plusieurs \u0153uvres en lien avec \u00abl\u2019Arte Povera\u00bb. De retour en classe, en arts plastiques, nous devions en choisir une pour s\u2019en inspirer. Aussi, nous avons choisis l\u2019oeuvre intitul\u00e9e <u>La mesure du temps<\/u> de Laura GRISI produite en 1969 en Italie. Cette \u0153uvre est une vid\u00e9o sur pellicule en noir et blanc de 16mm. Elle dure 5 minutes et 45 secondes. On peut y voir, dans un mouvement circulaire de cam\u00e9ra qui la filme, une femme assise essayer de compter un \u00e0 un tous les grains de sable pr\u00e9sents sur une plage.<\/em><\/p>\n\n\n\n<p><em>Pour reproduire en classe ce que nous avions vu d\u2019apr\u00e8s le souvenir, ma camarade et moi, avons choisi de r\u00e9duire en poudre un vieux morceau d\u2019argile sec pr\u00e9sent dans la classe pour imiter le sable. Je me suis donc mise au sol pour tenter \u00e0 mon tour de compter ces grains de \u00absable\u00bb et, pour en reproduire le mouvement circulaire Sophia tournait autour de moi en me filmant.<\/em><\/p>\n\n\n\n<p><em>Ce mouvement circulaire pareil \u00e0 celui de la terre me laisse penser que la fille sur la vid\u00e9o compte en fait ces grains de sable depuis des jours et des jours ce qui produit un effet de loupe qui prouve l\u2019impossibilit\u00e9 de cette action.<\/em><\/p>\n\n\n\n<p><em>Cette exposition a pu beaucoup me renseigner sur l\u2019art italien des ann\u00e9es 60, donc m\u2019apporter beaucoup de culture g\u00e9n\u00e9rale. J\u2019aborderais cette exposition pour la prochaine \u00e9preuve d\u2019oral du dipl\u00f4me national du brevet 2023. J\u2019ai h\u00e2te de voir la seconde exposition du JdP!<\/em>\u00ab\u00a0<\/p>\n\n\n\n<p class=\"has-text-align-right\"><em><strong>Julie<\/strong><\/em><\/p>\n<\/div>\n\n\n\n<p><\/p>\n\n\n\n<p><\/p>\n\n\n\n<div class=\"wp-block-group is-layout-constrained wp-block-group-is-layout-constrained\">\n<p class=\"has-text-align-right\"> <\/p>\n\n\n\n<p><\/p>\n<\/div>\n\n\n\n<div class=\"wp-block-group is-vertical is-content-justification-stretch is-layout-flex wp-container-core-group-is-layout-444d5ee8 wp-block-group-is-layout-flex\">\n<p class=\"has-cyan-bluish-gray-background-color has-background has-medium-font-size\"><strong>Avec la conf\u00e9renci\u00e8re, et les \u00e9l\u00e8ves, l&rsquo;entretien a port\u00e9 notamment sur les questions suivantes:<\/strong><\/p>\n\n\n\n<p class=\"has-white-color has-luminous-vivid-orange-background-color has-text-color has-background\"><em><strong>-\u2192 Quelles r\u00e9percussions ton travail r\u00e9alis\u00e9 d&rsquo;apr\u00e8s l&rsquo;oeuvre de Laura GRISI entra\u00eene sur la production de sens (par rapport \u00e0 l\u2019oeuvre initiale) ?<\/strong><\/em> <\/p>\n\n\n\n<p class=\"has-white-color has-luminous-vivid-orange-background-color has-text-color has-background\"><strong><em>-\u2192 Selon toi, cela confine-t&rsquo;il  \u00e0 la simple \u00ab\u00a0copie\u00a0\u00bb ou \u00e0 la cr\u00e9ation d&rsquo;une production nouvelle et \u00ab\u00a0originale\u00a0\u00bb?<\/em><\/strong><\/p>\n<\/div>\n\n\n\n<figure class=\"wp-block-image\"><img loading=\"lazy\" decoding=\"async\" width=\"321\" height=\"515\" src=\"https:\/\/www.collegejeanlurcat.com\/site\/wp-content\/uploads\/2023\/11\/Laura-GRISI-The-Measuring-of-Time-1969-Photo-NB-dapres-la-film-dune-performance-Arte-Povera-italien.png\" alt=\"https:\/\/jeudepaume.org\/evenement\/exposition-renverser-ses-yeux\/\" class=\"wp-image-807\" srcset=\"https:\/\/www.collegejeanlurcat.com\/site\/wp-content\/uploads\/2023\/11\/Laura-GRISI-The-Measuring-of-Time-1969-Photo-NB-dapres-la-film-dune-performance-Arte-Povera-italien.png 321w, https:\/\/www.collegejeanlurcat.com\/site\/wp-content\/uploads\/2023\/11\/Laura-GRISI-The-Measuring-of-Time-1969-Photo-NB-dapres-la-film-dune-performance-Arte-Povera-italien-187x300.png 187w\" sizes=\"auto, (max-width: 321px) 100vw, 321px\" \/><figcaption class=\"wp-element-caption\">Laura GRISI &#8211; The Mesuring of Time &#8211; 1969 &#8211; Photo NB d&rsquo;apr\u00e8s une performance &#8211; Arte Povera italien<\/figcaption><\/figure>\n","protected":false},"excerpt":{"rendered":"<p>Probl\u00e9matique (donn\u00e9e en classe): Comment convoquer mat\u00e9riellement une \u0153uvre importante de l\u2019exposition \u00abL\u2019Arte Povera\u00bb en classe avec les moyens \u00e0 disposition? Ci-dessus\/ Vid\u00e9o r\u00e9alis\u00e9e par Sophia et Julie &#8211; 2023. Copyright Coll\u00e8ge Jean Lur\u00e7at de Villejuif \u00ab\u00a0Ma camarade Sophia et moi, nous sommes deux coll\u00e9giennes de 3e au coll\u00e8ge Jean Lur\u00e7at de Villejuif. Lors de [&hellip;]<\/p>\n","protected":false},"author":6,"featured_media":807,"comment_status":"open","ping_status":"open","sticky":false,"template":"","format":"standard","meta":{"footnotes":""},"categories":[43,10,19],"tags":[84,77,83,80,82],"class_list":["post-803","post","type-post","status-publish","format-standard","has-post-thumbnail","hentry","category-arts-plastiques","category-parcours-culturel","category-production-deleves","tag-3e","tag-art","tag-arts-plastiques","tag-peac","tag-production"],"_links":{"self":[{"href":"https:\/\/www.collegejeanlurcat.com\/site\/wp-json\/wp\/v2\/posts\/803","targetHints":{"allow":["GET"]}}],"collection":[{"href":"https:\/\/www.collegejeanlurcat.com\/site\/wp-json\/wp\/v2\/posts"}],"about":[{"href":"https:\/\/www.collegejeanlurcat.com\/site\/wp-json\/wp\/v2\/types\/post"}],"author":[{"embeddable":true,"href":"https:\/\/www.collegejeanlurcat.com\/site\/wp-json\/wp\/v2\/users\/6"}],"replies":[{"embeddable":true,"href":"https:\/\/www.collegejeanlurcat.com\/site\/wp-json\/wp\/v2\/comments?post=803"}],"version-history":[{"count":22,"href":"https:\/\/www.collegejeanlurcat.com\/site\/wp-json\/wp\/v2\/posts\/803\/revisions"}],"predecessor-version":[{"id":855,"href":"https:\/\/www.collegejeanlurcat.com\/site\/wp-json\/wp\/v2\/posts\/803\/revisions\/855"}],"wp:featuredmedia":[{"embeddable":true,"href":"https:\/\/www.collegejeanlurcat.com\/site\/wp-json\/wp\/v2\/media\/807"}],"wp:attachment":[{"href":"https:\/\/www.collegejeanlurcat.com\/site\/wp-json\/wp\/v2\/media?parent=803"}],"wp:term":[{"taxonomy":"category","embeddable":true,"href":"https:\/\/www.collegejeanlurcat.com\/site\/wp-json\/wp\/v2\/categories?post=803"},{"taxonomy":"post_tag","embeddable":true,"href":"https:\/\/www.collegejeanlurcat.com\/site\/wp-json\/wp\/v2\/tags?post=803"}],"curies":[{"name":"wp","href":"https:\/\/api.w.org\/{rel}","templated":true}]}}