{"id":858,"date":"2023-11-04T16:39:21","date_gmt":"2023-11-04T16:39:21","guid":{"rendered":"https:\/\/www.collegejeanlurcat.com\/site\/?p=858"},"modified":"2023-11-04T16:44:07","modified_gmt":"2023-11-04T16:44:07","slug":"partenariat-2022-23-j-l-v-j-d-paume-quelques-productions-deleves-3-3","status":"publish","type":"post","link":"https:\/\/www.collegejeanlurcat.com\/site\/2023\/11\/04\/partenariat-2022-23-j-l-v-j-d-paume-quelques-productions-deleves-3-3\/","title":{"rendered":"Partenariat 2022-23 \/ J.L.V. &#8211; J.d.Paume : &#8211;> Quelques productions d&rsquo;\u00e9l\u00e8ves\u2026 3\/3"},"content":{"rendered":"\n<figure class=\"wp-block-video\"><video height=\"1080\" style=\"aspect-ratio: 2228 \/ 1080;\" width=\"2228\" controls src=\"https:\/\/www.collegejeanlurcat.com\/site\/wp-content\/uploads\/2023\/11\/Thomas-DEMAND-Interview-de-Clara.mp4\"><\/video><\/figure>\n\n\n\n<blockquote class=\"wp-block-quote is-layout-flow wp-block-quote-is-layout-flow\">\n<p><strong>Ci dessus<\/strong>: une des nombreuses interview r\u00e9alis\u00e9es par Mme Diaz, professeure documentaliste, aupr\u00e8s des \u00e9l\u00e8ves au sortir de l&rsquo;exposition et dans le but d&rsquo;amener les \u00e9l\u00e8ves \u00e0 d\u00e9velopper leurs comp\u00e9tences orales et \u00e0 les aider encore \u00e0 exprimer ce qu&rsquo;ils ont vu, ressenti, imagin\u00e9 de fa\u00e7on argument\u00e9e.<\/p>\n\n\n\n<p> Ici, \u00ab\u00a0Thomas DEMAND : Le b\u00e9gaiement de l&rsquo;histoire\u00a0\u00bb aupr\u00e8s de Clara, \u00e9l\u00e8ve de 3e.<\/p>\n\n\n\n<p><\/p>\n<cite><em>2023.Copyright Coll\u00e8ge Jean Lur\u00e7at de Villejuif.<\/em><\/cite><\/blockquote>\n","protected":false},"excerpt":{"rendered":"<p>Ci dessus: une des nombreuses interview r\u00e9alis\u00e9es par Mme Diaz, professeure documentaliste, aupr\u00e8s des \u00e9l\u00e8ves au sortir de l&rsquo;exposition et dans le but d&rsquo;amener les \u00e9l\u00e8ves \u00e0 d\u00e9velopper leurs comp\u00e9tences orales et \u00e0 les aider encore \u00e0 exprimer ce qu&rsquo;ils ont vu, ressenti, imagin\u00e9 de fa\u00e7on argument\u00e9e. Ici, \u00ab\u00a0Thomas DEMAND : Le b\u00e9gaiement de l&rsquo;histoire\u00a0\u00bb [&hellip;]<\/p>\n","protected":false},"author":6,"featured_media":0,"comment_status":"open","ping_status":"open","sticky":false,"template":"","format":"standard","meta":{"footnotes":""},"categories":[43,30,10,19],"tags":[84,77,83,81,80,82],"class_list":["post-858","post","type-post","status-publish","format-standard","hentry","category-arts-plastiques","category-histoire-geo-emc","category-parcours-culturel","category-production-deleves","tag-3e","tag-art","tag-arts-plastiques","tag-parcours","tag-peac","tag-production"],"_links":{"self":[{"href":"https:\/\/www.collegejeanlurcat.com\/site\/wp-json\/wp\/v2\/posts\/858","targetHints":{"allow":["GET"]}}],"collection":[{"href":"https:\/\/www.collegejeanlurcat.com\/site\/wp-json\/wp\/v2\/posts"}],"about":[{"href":"https:\/\/www.collegejeanlurcat.com\/site\/wp-json\/wp\/v2\/types\/post"}],"author":[{"embeddable":true,"href":"https:\/\/www.collegejeanlurcat.com\/site\/wp-json\/wp\/v2\/users\/6"}],"replies":[{"embeddable":true,"href":"https:\/\/www.collegejeanlurcat.com\/site\/wp-json\/wp\/v2\/comments?post=858"}],"version-history":[{"count":2,"href":"https:\/\/www.collegejeanlurcat.com\/site\/wp-json\/wp\/v2\/posts\/858\/revisions"}],"predecessor-version":[{"id":862,"href":"https:\/\/www.collegejeanlurcat.com\/site\/wp-json\/wp\/v2\/posts\/858\/revisions\/862"}],"wp:attachment":[{"href":"https:\/\/www.collegejeanlurcat.com\/site\/wp-json\/wp\/v2\/media?parent=858"}],"wp:term":[{"taxonomy":"category","embeddable":true,"href":"https:\/\/www.collegejeanlurcat.com\/site\/wp-json\/wp\/v2\/categories?post=858"},{"taxonomy":"post_tag","embeddable":true,"href":"https:\/\/www.collegejeanlurcat.com\/site\/wp-json\/wp\/v2\/tags?post=858"}],"curies":[{"name":"wp","href":"https:\/\/api.w.org\/{rel}","templated":true}]}}