{"id":863,"date":"2023-11-09T07:34:13","date_gmt":"2023-11-09T07:34:13","guid":{"rendered":"https:\/\/www.collegejeanlurcat.com\/site\/?p=863"},"modified":"2023-11-09T07:38:38","modified_gmt":"2023-11-09T07:38:38","slug":"prix-jeunesse-pour-legalite","status":"publish","type":"post","link":"https:\/\/www.collegejeanlurcat.com\/site\/2023\/11\/09\/prix-jeunesse-pour-legalite\/","title":{"rendered":"Prix jeunesse pour l&rsquo;\u00e9galit\u00e9"},"content":{"rendered":"\n<p>Le 12 octobre dernier, lors de la journ\u00e9e d\u00e9di\u00e9e au cross le \u00e9l\u00e8ves de 4e ont pr\u00e9sent\u00e9 sur une exposition sur l&rsquo;\u00e9galit\u00e9 homme\/femme.<\/p>\n\n\n\n<figure class=\"wp-block-image size-large\"><img decoding=\"async\" src=\"https:\/\/www.inegalites.fr\/prix-jeunesse-egalite\/wp-content\/uploads\/2023\/09\/PJPE24-Accueil2X2-1280x992.webp\" alt=\"\"\/><\/figure>\n\n\n\n<p>Voici un concours ouvert \u00e0 tous les \u00e9l\u00e8ves du coll\u00e8ge: le prix Jeunesse pour l&rsquo;\u00e9galit\u00e9. Vous pouvez y participer directement, il suffit d&rsquo;avoir des id\u00e9es et d&rsquo;\u00eatre en bin\u00f4me. R\u00e9aliser une vid\u00e9o ou une affiche. L&rsquo;envoyer avant le 30 janvier prochain.<\/p>\n\n\n\n<p>En cliquant sur <a href=\"https:\/\/www.inegalites.fr\/prix-jeunesse-egalite\/\" target=\"_blank\" rel=\"noreferrer noopener\">ce lien<\/a>, d\u00e9couvrez ce concours directement sur le site d\u00e9di\u00e9. <\/p>\n\n\n\n<p><a href=\"https:\/\/www.inegalites.fr\/prix-jeunesse-egalite\/comment-participer\/\" target=\"_blank\" rel=\"noreferrer noopener\">Ce lien<\/a> vous emm\u00e8nera directement sur les renseignements n\u00e9cessaire pour participer. Bien \u00e9videmment, vos enseignants seront l\u00e0 pour vous aider: apport de mat\u00e9riel, accompagnement technique, organisation du tournage, r\u00e9flexion sur le contenu.<\/p>\n\n\n\n<figure class=\"wp-block-image size-large\"><a href=\"https:\/\/www.inegalites.fr\/prix-jeunesse-egalite\/\" target=\"_blank\" rel=\"noreferrer noopener\"><img decoding=\"async\" src=\"https:\/\/www.inegalites.fr\/prix-jeunesse-egalite\/wp-content\/uploads\/2023\/09\/PICTO-321-2024X2.webp\" alt=\"\"\/><\/a><\/figure>\n","protected":false},"excerpt":{"rendered":"<p>Le 12 octobre dernier, lors de la journ\u00e9e d\u00e9di\u00e9e au cross le \u00e9l\u00e8ves de 4e ont pr\u00e9sent\u00e9 sur une exposition sur l&rsquo;\u00e9galit\u00e9 homme\/femme. Voici un concours ouvert \u00e0 tous les \u00e9l\u00e8ves du coll\u00e8ge: le prix Jeunesse pour l&rsquo;\u00e9galit\u00e9. Vous pouvez y participer directement, il suffit d&rsquo;avoir des id\u00e9es et d&rsquo;\u00eatre en bin\u00f4me. R\u00e9aliser une vid\u00e9o [&hellip;]<\/p>\n","protected":false},"author":1,"featured_media":0,"comment_status":"open","ping_status":"open","sticky":false,"template":"","format":"standard","meta":{"footnotes":""},"categories":[11,10],"tags":[77,50,86,87,88],"class_list":["post-863","post","type-post","status-publish","format-standard","hentry","category-parcours-citoyen","category-parcours-culturel","tag-art","tag-concours","tag-egalite","tag-handicap","tag-sexisme"],"_links":{"self":[{"href":"https:\/\/www.collegejeanlurcat.com\/site\/wp-json\/wp\/v2\/posts\/863","targetHints":{"allow":["GET"]}}],"collection":[{"href":"https:\/\/www.collegejeanlurcat.com\/site\/wp-json\/wp\/v2\/posts"}],"about":[{"href":"https:\/\/www.collegejeanlurcat.com\/site\/wp-json\/wp\/v2\/types\/post"}],"author":[{"embeddable":true,"href":"https:\/\/www.collegejeanlurcat.com\/site\/wp-json\/wp\/v2\/users\/1"}],"replies":[{"embeddable":true,"href":"https:\/\/www.collegejeanlurcat.com\/site\/wp-json\/wp\/v2\/comments?post=863"}],"version-history":[{"count":2,"href":"https:\/\/www.collegejeanlurcat.com\/site\/wp-json\/wp\/v2\/posts\/863\/revisions"}],"predecessor-version":[{"id":865,"href":"https:\/\/www.collegejeanlurcat.com\/site\/wp-json\/wp\/v2\/posts\/863\/revisions\/865"}],"wp:attachment":[{"href":"https:\/\/www.collegejeanlurcat.com\/site\/wp-json\/wp\/v2\/media?parent=863"}],"wp:term":[{"taxonomy":"category","embeddable":true,"href":"https:\/\/www.collegejeanlurcat.com\/site\/wp-json\/wp\/v2\/categories?post=863"},{"taxonomy":"post_tag","embeddable":true,"href":"https:\/\/www.collegejeanlurcat.com\/site\/wp-json\/wp\/v2\/tags?post=863"}],"curies":[{"name":"wp","href":"https:\/\/api.w.org\/{rel}","templated":true}]}}