{"id":925,"date":"2023-12-22T10:03:40","date_gmt":"2023-12-22T10:03:40","guid":{"rendered":"https:\/\/www.collegejeanlurcat.com\/site\/?p=925"},"modified":"2023-12-22T10:03:40","modified_gmt":"2023-12-22T10:03:40","slug":"clash-des-colleges","status":"publish","type":"post","link":"https:\/\/www.collegejeanlurcat.com\/site\/2023\/12\/22\/clash-des-colleges\/","title":{"rendered":"Clash des coll\u00e8ges"},"content":{"rendered":"\n<p>Mercredi 13 d\u00e9cembre, 4 \u00e9l\u00e8ves de 3e ont anim\u00e9 un d\u00e9fi lanc\u00e9 \u00e0 tous les coll\u00e8ges de Villejuif, sauf nous, auquel Aim\u00e9-C\u00e9saire et Pasteur ont r\u00e9pondu. Ce clash \u00e9tait organis\u00e9 par le <a href=\"https:\/\/www.drogues-info-service.fr\/Adresses-utiles\/1950\" target=\"_blank\" rel=\"noreferrer noopener\">CJC<\/a>, consultations jeunes consommateurs, et la mise en \u0153uvre a \u00e9t\u00e9 orchestr\u00e9e par Kevin Sueur, psychologue tabacologue au MCATMS, qui a accompagn\u00e9 nos \u00e9l\u00e8ves du d\u00e9but \u00e0 la fin.<\/p>\n\n\n\n<p>Le questionnaire sur lequel se sont affront\u00e9es les 4 classes de 5e, deux par coll\u00e8ge, avait pour th\u00e8me l&rsquo;addiction au tabac, et autres drogues. Ce sont nos \u00e9l\u00e8ves de Jean-Lur\u00e7at qui, lorsqu&rsquo;ils \u00e9taient en 5e, ont fourni la mati\u00e8re \u00e0 ce questionnaire.<\/p>\n\n\n\n<p>En effet, chaque classe de 5e, il y a deux ans, avait effectu\u00e9 un travail de recherche documentaire sur les addictions, afin de proposer:<\/p>\n\n\n\n<ul class=\"wp-block-list\">\n<li>des questions qui int\u00e9ressent les ados<\/li>\n\n\n\n<li>les r\u00e9ponses \u00e0 ces questions, document\u00e9es, et sourc\u00e9es, tir\u00e9es de sites web fiables<\/li>\n\n\n\n<li>pour chaque question trois autres r\u00e9ponses, fausses mais vraisemblables, pour rendre le questionnaire int\u00e9ressant<\/li>\n<\/ul>\n\n\n\n<p>Ce travail de recherche fait partie d&rsquo;un projet int\u00e9gr\u00e9 au parcours sant\u00e9 de nos \u00e9l\u00e8ves au coll\u00e8ge Jean-Lur\u00e7at, projet men\u00e9 avec la collaboration de la <a href=\"https:\/\/mcatms.org\/accueil\/pole-dynamique-de-sante\/actions-en-milieu-scolaire\/\" data-type=\"link\" data-id=\"https:\/\/mcatms.org\/\" target=\"_blank\" rel=\"noreferrer noopener\">Maison Commune des Addictions, des Troubles Mentaux et de la Sant\u00e9<\/a>: de la 6e \u00e0 la 3e, les \u00e9l\u00e8ves sont sensibilis\u00e9s la pr\u00e9vention contre les addictions en tous genres.<\/p>\n\n\n\n<h3 class=\"wp-block-heading\">Avant le clash<\/h3>\n\n\n\n<p>Nos 4 \u00e9l\u00e8ves de 3e, volontaires pour animer cet \u00e9v\u00e9nement, ont, dans un premier temps, \u00e9tudi\u00e9 les questions imagin\u00e9es deux ans plus t\u00f4t par leurs classes, afin de s\u00e9lectionner les meilleures. Ils ont \u00e9galement retravaill\u00e9, avec les comp\u00e9tences acquises ces deux derni\u00e8res ann\u00e9es, la pertinence des r\u00e9ponses, et leurs sources.<\/p>\n\n\n\n<p>Ils ont ensuite anim\u00e9, en guise d&rsquo;entra\u00eenement, un questionnaire en visioconf\u00e9rence, \u00e0 destination du service jeunesse de la mairie de Villejuif, du MCATMS et du CJC. Ils ont pu, ainsi, tester les questions choisies et s&rsquo;exercer \u00e0 l&rsquo;animation. Les \u00e9l\u00e8ves avaient fait le choix de ne pas montrer leur visage, ils animaient donc anonymement le questionnaire sous les pseudos de renard, loup, chat, hibou et lapin.<\/p>\n\n\n\n<h3 class=\"wp-block-heading\">Le clash<\/h3>\n\n\n\n<p>Enfin, le jour J. Quelques probl\u00e8mes techniques ont piment\u00e9 la connexion des 4 classes concurrentes. Ils ont \u00e9t\u00e9 surmont\u00e9s et nos animatrices ont men\u00e9 le jeu avec brio. Avec une telle aisance, m\u00eame, que, tout en gardant leurs pseudos animaliers certaines ont finalement pr\u00e9f\u00e9r\u00e9 appara\u00eetre \u00e0 visage d\u00e9couvert.<\/p>\n\n\n\n<figure class=\"wp-block-image size-large\"><img loading=\"lazy\" decoding=\"async\" width=\"1024\" height=\"768\" src=\"https:\/\/www.collegejeanlurcat.com\/site\/wp-content\/uploads\/2023\/12\/IMG_20231213_103631-1024x768.jpg\" alt=\"\" class=\"wp-image-929\" srcset=\"https:\/\/www.collegejeanlurcat.com\/site\/wp-content\/uploads\/2023\/12\/IMG_20231213_103631-1024x768.jpg 1024w, https:\/\/www.collegejeanlurcat.com\/site\/wp-content\/uploads\/2023\/12\/IMG_20231213_103631-300x225.jpg 300w, https:\/\/www.collegejeanlurcat.com\/site\/wp-content\/uploads\/2023\/12\/IMG_20231213_103631-768x576.jpg 768w, https:\/\/www.collegejeanlurcat.com\/site\/wp-content\/uploads\/2023\/12\/IMG_20231213_103631-1536x1152.jpg 1536w, https:\/\/www.collegejeanlurcat.com\/site\/wp-content\/uploads\/2023\/12\/IMG_20231213_103631-2048x1536.jpg 2048w\" sizes=\"auto, (max-width: 1024px) 100vw, 1024px\" \/><figcaption class=\"wp-element-caption\">3 animatrices en action pendant le Clash des coll\u00e8ges<\/figcaption><\/figure>\n\n\n\n<p>De l&rsquo;autre c\u00f4t\u00e9 des cam\u00e9ras les classes de 5e r\u00e9pondaient aux questions avec la complicit\u00e9 de leur enseignant et de psychologues du MCATMS. La comp\u00e9tition fut rude et remport\u00e9e de justesse, malgr\u00e9 une avance prise d\u00e8s les premi\u00e8res questions, par la 5C du coll\u00e8ge Aim\u00e9-C\u00e9saire. C&rsquo;est donc ce coll\u00e8ge qui, a gagn\u00e9 les babyfoot choisi, par nos \u00e9l\u00e8ves animateurs, comme pris de la victoire.<\/p>\n\n\n\n<p>Bravo \u00e0 eux, et \u00e0 nos animatrices de talent, Jannat, Lina, Lou et Tina. Bravo et merci aussi \u00e0 Hillel pour son implication dans ce projet. <\/p>\n\n\n\n<p>Vous \u00eates formidables.<\/p>\n","protected":false},"excerpt":{"rendered":"<p>Mercredi 13 d\u00e9cembre, 4 \u00e9l\u00e8ves de 3e ont anim\u00e9 un d\u00e9fi lanc\u00e9 \u00e0 tous les coll\u00e8ges de Villejuif, sauf nous, auquel Aim\u00e9-C\u00e9saire et Pasteur ont r\u00e9pondu. Ce clash \u00e9tait organis\u00e9 par le CJC, consultations jeunes consommateurs, et la mise en \u0153uvre a \u00e9t\u00e9 orchestr\u00e9e par Kevin Sueur, psychologue tabacologue au MCATMS, qui a accompagn\u00e9 nos [&hellip;]<\/p>\n","protected":false},"author":1,"featured_media":0,"comment_status":"open","ping_status":"open","sticky":false,"template":"","format":"standard","meta":{"footnotes":""},"categories":[11,13,19],"tags":[100,98,99],"class_list":["post-925","post","type-post","status-publish","format-standard","hentry","category-parcours-citoyen","category-parcours-educatif-de-sante","category-production-deleves","tag-addictions","tag-clash-des-colleges","tag-tabac"],"_links":{"self":[{"href":"https:\/\/www.collegejeanlurcat.com\/site\/wp-json\/wp\/v2\/posts\/925","targetHints":{"allow":["GET"]}}],"collection":[{"href":"https:\/\/www.collegejeanlurcat.com\/site\/wp-json\/wp\/v2\/posts"}],"about":[{"href":"https:\/\/www.collegejeanlurcat.com\/site\/wp-json\/wp\/v2\/types\/post"}],"author":[{"embeddable":true,"href":"https:\/\/www.collegejeanlurcat.com\/site\/wp-json\/wp\/v2\/users\/1"}],"replies":[{"embeddable":true,"href":"https:\/\/www.collegejeanlurcat.com\/site\/wp-json\/wp\/v2\/comments?post=925"}],"version-history":[{"count":3,"href":"https:\/\/www.collegejeanlurcat.com\/site\/wp-json\/wp\/v2\/posts\/925\/revisions"}],"predecessor-version":[{"id":930,"href":"https:\/\/www.collegejeanlurcat.com\/site\/wp-json\/wp\/v2\/posts\/925\/revisions\/930"}],"wp:attachment":[{"href":"https:\/\/www.collegejeanlurcat.com\/site\/wp-json\/wp\/v2\/media?parent=925"}],"wp:term":[{"taxonomy":"category","embeddable":true,"href":"https:\/\/www.collegejeanlurcat.com\/site\/wp-json\/wp\/v2\/categories?post=925"},{"taxonomy":"post_tag","embeddable":true,"href":"https:\/\/www.collegejeanlurcat.com\/site\/wp-json\/wp\/v2\/tags?post=925"}],"curies":[{"name":"wp","href":"https:\/\/api.w.org\/{rel}","templated":true}]}}