{"id":131,"count":3,"description":"","link":"https:\/\/www.collegejeanlurcat.com\/site\/tag\/education-aux-medias-et-a-linformation\/","name":"\u00e9ducation aux m\u00e9dias et \u00e0 l'information","slug":"education-aux-medias-et-a-linformation","taxonomy":"post_tag","meta":[],"_links":{"self":[{"href":"https:\/\/www.collegejeanlurcat.com\/site\/wp-json\/wp\/v2\/tags\/131","targetHints":{"allow":["GET"]}}],"collection":[{"href":"https:\/\/www.collegejeanlurcat.com\/site\/wp-json\/wp\/v2\/tags"}],"about":[{"href":"https:\/\/www.collegejeanlurcat.com\/site\/wp-json\/wp\/v2\/taxonomies\/post_tag"}],"wp:post_type":[{"href":"https:\/\/www.collegejeanlurcat.com\/site\/wp-json\/wp\/v2\/posts?tags=131"}],"curies":[{"name":"wp","href":"https:\/\/api.w.org\/{rel}","templated":true}]}}